{"id":214635,"date":"2025-04-11T01:07:46","date_gmt":"2025-04-11T01:07:46","guid":{"rendered":"https:\/\/rnoticias.com.mx\/Portal\/?p=214635"},"modified":"2025-04-11T01:07:46","modified_gmt":"2025-04-11T01:07:46","slug":"donaran-arboles-nativos-este-viernes","status":"publish","type":"post","link":"https:\/\/rnoticias.com.mx\/Portal\/2025\/04\/11\/donaran-arboles-nativos-este-viernes\/","title":{"rendered":"Donar\u00e1n \u00e1rboles nativos este viernes"},"content":{"rendered":"<p><b data-olk-copy-source=\"MessageBody\">Hermosillo, Sonora; 10 de abril, 2025.-\u00a0<\/b>Servicios P\u00fablicos Municipales, a trav\u00e9s de Parques y Jardines, realizar\u00e1 donaci\u00f3n de \u00e1rboles nativos como mezquite, palo fierro, guam\u00fachil y lavanda, este viernes en las instalaciones del Vivero Municipal.<\/p>\n<p>La directora del \u00e1rea, Amparo Fontanot Ochoa, inform\u00f3 que desde las 9:00 hasta las 18:00 horas ser\u00e1 la entrega, en el vivero ubicado en calle Morelia y Palma, de la Colonia Casa Blanca.<\/p>\n<p>Fontanot Ochoa mencion\u00f3 que estas campa\u00f1as de donaci\u00f3n masivas son parte del programa Hermosillo CRECE Verde que impulsa el gobierno municipal encabezado por el presidente Antonio Astiazar\u00e1n.<\/p>\n<p>Se entregar\u00e1 una planta por persona hasta agotar existencias. Para agilizar la entrega, las personas interesadas en obtener uno de los \u00e1rboles se pueden registrar en la liga https:\/\/forms.gle\/3Zqw8NCiQKZwbTZN6 .<\/p>\n","protected":false},"excerpt":{"rendered":"<p>Hermosillo, Sonora; 10 de abril, 2025.-\u00a0Servicios P\u00fablicos Municipales, a trav\u00e9s de Parques y Jardines, realizar\u00e1 donaci\u00f3n de \u00e1rboles nativos como mezquite, palo fierro, guam\u00fachil y lavanda, este viernes en las instalaciones del Vivero Municipal. La directora del \u00e1rea, Amparo Fontanot Ochoa, inform\u00f3 que desde las 9:00 hasta las 18:00 horas ser\u00e1 la entrega, en el [&hellip;]<\/p>\n","protected":false},"author":2,"featured_media":214636,"comment_status":"closed","ping_status":"closed","sticky":false,"template":"","format":"standard","meta":{"footnotes":""},"categories":[12870,178],"tags":[12865,12869],"class_list":["post-214635","post","type-post","status-publish","format-standard","has-post-thumbnail","hentry","category-destacadas","category-local","tag-destacadas","tag-local"],"jetpack_featured_media_url":"https:\/\/rnoticias.com.mx\/Portal\/wp-content\/uploads\/2025\/04\/Donaran-arboles-nativos-este-viernes-1.jpeg","amp_enabled":true,"_links":{"self":[{"href":"https:\/\/rnoticias.com.mx\/Portal\/wp-json\/wp\/v2\/posts\/214635","targetHints":{"allow":["GET"]}}],"collection":[{"href":"https:\/\/rnoticias.com.mx\/Portal\/wp-json\/wp\/v2\/posts"}],"about":[{"href":"https:\/\/rnoticias.com.mx\/Portal\/wp-json\/wp\/v2\/types\/post"}],"author":[{"embeddable":true,"href":"https:\/\/rnoticias.com.mx\/Portal\/wp-json\/wp\/v2\/users\/2"}],"replies":[{"embeddable":true,"href":"https:\/\/rnoticias.com.mx\/Portal\/wp-json\/wp\/v2\/comments?post=214635"}],"version-history":[{"count":1,"href":"https:\/\/rnoticias.com.mx\/Portal\/wp-json\/wp\/v2\/posts\/214635\/revisions"}],"predecessor-version":[{"id":214637,"href":"https:\/\/rnoticias.com.mx\/Portal\/wp-json\/wp\/v2\/posts\/214635\/revisions\/214637"}],"wp:featuredmedia":[{"embeddable":true,"href":"https:\/\/rnoticias.com.mx\/Portal\/wp-json\/wp\/v2\/media\/214636"}],"wp:attachment":[{"href":"https:\/\/rnoticias.com.mx\/Portal\/wp-json\/wp\/v2\/media?parent=214635"}],"wp:term":[{"taxonomy":"category","embeddable":true,"href":"https:\/\/rnoticias.com.mx\/Portal\/wp-json\/wp\/v2\/categories?post=214635"},{"taxonomy":"post_tag","embeddable":true,"href":"https:\/\/rnoticias.com.mx\/Portal\/wp-json\/wp\/v2\/tags?post=214635"}],"curies":[{"name":"wp","href":"https:\/\/api.w.org\/{rel}","templated":true}]}}