{"id":214629,"date":"2025-04-11T01:03:03","date_gmt":"2025-04-11T01:03:03","guid":{"rendered":"https:\/\/rnoticias.com.mx\/Portal\/?p=214629"},"modified":"2025-04-11T01:03:03","modified_gmt":"2025-04-11T01:03:03","slug":"invita-ugrs-a-sonorenses-a-participar-en-proxima-expogan-2025","status":"publish","type":"post","link":"https:\/\/rnoticias.com.mx\/Portal\/2025\/04\/11\/invita-ugrs-a-sonorenses-a-participar-en-proxima-expogan-2025\/","title":{"rendered":"Invita UGRS a sonorenses a participar en pr\u00f3xima ExpoGan 2025"},"content":{"rendered":"<p>&nbsp;<\/p>\n<p>Reitera la invitaci\u00f3n a la sociedad en lo general el presidente de la Uni\u00f3n Ganadera Regional de Sonora (UGRS), para vivir lo que ser\u00e1 la edici\u00f3n n\u00famero 40 de la Expo Gan 2025 a partir del 30 de abril.<\/p>\n<p>&nbsp;<\/p>\n<p>Juan Ochoa Valenzuela, record\u00f3 que a pocos d\u00edas para que se arranque con la llamada \u201cFiesta del Pueblo\u201d este 30 de abril con el tradicional corte de riata, todo comit\u00e9 organizador pr\u00e1cticamente tiene todo listo para ofrecerle a todos sus visitantes una amplia gama de cosas que comprender\u00e1n desde la exposici\u00f3n de ganado, m\u00fasica, comida, juegos mec\u00e1nicos y mucho m\u00e1s.<\/p>\n<p>&nbsp;<\/p>\n<p><strong>\u201cLa Expo Gan va muy bien, es ahora la edici\u00f3n n\u00famero 40. Tenemos ahora muchas sorpresas, muchas cosas interesantes, novedades que vamos a presentar, pero como siempre lo he dicho, no debemos perder de vista que la Expo Gan es un evento especialmente ganadero, se trata de una exposici\u00f3n de ganado\u201d, coment\u00f3.<\/strong><\/p>\n<p>&nbsp;<\/p>\n<p>A\u00f1adi\u00f3, que para esta edici\u00f3n 2025 de la Expo Gan que comprender\u00e1 del 30 de abril al 25 de mayo, lo \u00fanico que pr\u00e1cticamente se modificar\u00e1 en comparaci\u00f3n con el a\u00f1o pasado es el costo de la entrada a las instalaciones ubicadas sobre el boulevard Ganaderos, pasando de 70 a 80 pesos por persona.<\/p>\n","protected":false},"excerpt":{"rendered":"<p>&nbsp; Reitera la invitaci\u00f3n a la sociedad en lo general el presidente de la Uni\u00f3n Ganadera Regional de Sonora (UGRS), para vivir lo que ser\u00e1 la edici\u00f3n n\u00famero 40 de la Expo Gan 2025 a partir del 30 de abril. &nbsp; Juan Ochoa Valenzuela, record\u00f3 que a pocos d\u00edas para que se arranque con la [&hellip;]<\/p>\n","protected":false},"author":2,"featured_media":214630,"comment_status":"closed","ping_status":"closed","sticky":false,"template":"","format":"standard","meta":{"footnotes":""},"categories":[12870,178],"tags":[12865,12869],"class_list":["post-214629","post","type-post","status-publish","format-standard","has-post-thumbnail","hentry","category-destacadas","category-local","tag-destacadas","tag-local"],"jetpack_featured_media_url":"https:\/\/rnoticias.com.mx\/Portal\/wp-content\/uploads\/2025\/04\/Expo-Ganadera.jpg","amp_enabled":true,"_links":{"self":[{"href":"https:\/\/rnoticias.com.mx\/Portal\/wp-json\/wp\/v2\/posts\/214629","targetHints":{"allow":["GET"]}}],"collection":[{"href":"https:\/\/rnoticias.com.mx\/Portal\/wp-json\/wp\/v2\/posts"}],"about":[{"href":"https:\/\/rnoticias.com.mx\/Portal\/wp-json\/wp\/v2\/types\/post"}],"author":[{"embeddable":true,"href":"https:\/\/rnoticias.com.mx\/Portal\/wp-json\/wp\/v2\/users\/2"}],"replies":[{"embeddable":true,"href":"https:\/\/rnoticias.com.mx\/Portal\/wp-json\/wp\/v2\/comments?post=214629"}],"version-history":[{"count":1,"href":"https:\/\/rnoticias.com.mx\/Portal\/wp-json\/wp\/v2\/posts\/214629\/revisions"}],"predecessor-version":[{"id":214631,"href":"https:\/\/rnoticias.com.mx\/Portal\/wp-json\/wp\/v2\/posts\/214629\/revisions\/214631"}],"wp:featuredmedia":[{"embeddable":true,"href":"https:\/\/rnoticias.com.mx\/Portal\/wp-json\/wp\/v2\/media\/214630"}],"wp:attachment":[{"href":"https:\/\/rnoticias.com.mx\/Portal\/wp-json\/wp\/v2\/media?parent=214629"}],"wp:term":[{"taxonomy":"category","embeddable":true,"href":"https:\/\/rnoticias.com.mx\/Portal\/wp-json\/wp\/v2\/categories?post=214629"},{"taxonomy":"post_tag","embeddable":true,"href":"https:\/\/rnoticias.com.mx\/Portal\/wp-json\/wp\/v2\/tags?post=214629"}],"curies":[{"name":"wp","href":"https:\/\/api.w.org\/{rel}","templated":true}]}}