{"id":214616,"date":"2025-04-10T19:51:50","date_gmt":"2025-04-10T19:51:50","guid":{"rendered":"https:\/\/rnoticias.com.mx\/Portal\/?p=214616"},"modified":"2025-04-10T19:51:50","modified_gmt":"2025-04-10T19:51:50","slug":"aranceles-de-trump-a-china-ascienden-al-145","status":"publish","type":"post","link":"https:\/\/rnoticias.com.mx\/Portal\/2025\/04\/10\/aranceles-de-trump-a-china-ascienden-al-145\/","title":{"rendered":"Aranceles de Trump a China ascienden al 145%"},"content":{"rendered":"<p>Los\u00a0<a href=\"https:\/\/www.informador.mx\/aranceles-t7270\" target=\"_blank\" rel=\"noopener\"><strong>aranceles<\/strong><\/a>\u00a0que el presidente de Estados Unidos, Donald Trump, ha impuesto a China ascienden en total al 145%, seg\u00fan confirm\u00f3 la Casa Blanca a la cadena\u00a0<i>CNBC<\/i>.<\/p>\n<p>La presidencia public\u00f3 hoy la enmienda que recoge el incremento de los\u00a0<mark><strong>grav\u00e1menes a Pek\u00edn hasta el 125% anunciado ayer.<\/strong><\/mark><\/p>\n<p>Un funcionario confirm\u00f3 a la cadena que este arancel\u00a0<mark><strong>se suma al del 20% que exist\u00eda<\/strong><\/mark>\u00a0desde antes de que el republicano iniciara una guerra comercial con casi todos los pa\u00edses del mundo el pasado 2 de abril.<\/p>\n<p>China es el \u00fanico pa\u00eds al que el mandatario dej\u00f3 fuera de la tregua de 90 d\u00edas decretada ayer mientras prosigue las negociaciones con sus socios comerciales.<\/p>\n<p>Seg\u00fan Donald Trump,\u00a0<strong>Pek\u00edn mostr\u00f3 una &#8220;falta de respeto a los mercados&#8221;<\/strong>. Antes de este \u00faltimo incremento, el gigante asi\u00e1tico ya cargaba con un gravamen del 104 % y hab\u00eda activado aranceles contra<strong>\u00a0<\/strong><a href=\"https:\/\/www.informador.mx\/estados-unidos-t359\" target=\"_blank\" rel=\"noopener\"><strong>EU<\/strong><\/a>\u00a0para igualar esa cifra.<\/p>\n<p>El gobierno de\u00a0<a href=\"https:\/\/www.informador.mx\/china-t624\" target=\"_blank\" rel=\"noopener\"><strong>China<\/strong><\/a>\u00a0asegur\u00f3 que tiene &#8220;una voluntad firme&#8221; y &#8220;recursos abundantes&#8221; para responder &#8220;con determinaci\u00f3n&#8221; si Estados Unidos insiste en &#8220;intensificar a\u00fan m\u00e1s sus medidas restrictivas econ\u00f3micas y comerciales&#8221;.<\/p>\n<p>&#8220;En alg\u00fan momento, ojal\u00e1 en un futuro cercano, China se dar\u00e1 cuenta de que la \u00e9poca en que estafaba a Estados Unidos y a otros pa\u00edses ya no es sostenible ni aceptable&#8221;, dijo Trump en su red social, Truth Social.<\/p>\n<p>Este fin de semana, el propio mandatario explic\u00f3 que este intercambio de aranceles entre Washington y Pek\u00edn frustr\u00f3 un principio de acuerdo para las operaciones de\u00a0<a href=\"https:\/\/www.informador.mx\/tiktok-t32689\" target=\"_blank\" rel=\"noopener\"><strong>TikTok<\/strong><\/a>\u00a0en territorio estadounidense.<\/p>\n<p><strong>&#8220;Ten\u00edamos un acuerdo con TikTok, pr\u00e1cticamente no un acuerdo, pero bastante cercano, y luego China lo cambi\u00f3 por los aranceles&#8221;,<\/strong>\u00a0declar\u00f3 el l\u00edder republicano a la prensa a bordo del avi\u00f3n presidencial Air Force One.<\/p>\n<p>&#8220;Si yo hubiera reducido ligeramente los aranceles, habr\u00edan aprobado el acuerdo en 15 minutos, lo que demuestra el poder de los aranceles&#8221;, agreg\u00f3.<\/p>\n<p><mark><strong>Desde que el 20 de enero lleg\u00f3 a la mansi\u00f3n presidencial para su segundo mandato, el l\u00edder republicano busca un acuerdo para que la aplicaci\u00f3n de videos pueda funcionar en EU.<\/strong><\/mark><\/p>\n<p>Una ley aprobada por el anterior Congreso, que entr\u00f3 en vigor el d\u00eda de su toma de posesi\u00f3n, obliga a la plataforma a desvincularse de su empresa matriz, ByteDance.<\/p>\n<p>Una de las primeras \u00f3rdenes ejecutivas que firm\u00f3 el republicano fue para ampliar este plazo 75 d\u00edas para encontrar una soluci\u00f3n y permitir mientras que funcionara la plataforma, y el pasado viernes, un d\u00eda antes de que se cumplieran esos d\u00edas, firm\u00f3 otro de la misma duraci\u00f3n.<\/p>\n","protected":false},"excerpt":{"rendered":"<p>Los\u00a0aranceles\u00a0que el presidente de Estados Unidos, Donald Trump, ha impuesto a China ascienden en total al 145%, seg\u00fan confirm\u00f3 la Casa Blanca a la cadena\u00a0CNBC. La presidencia public\u00f3 hoy la enmienda que recoge el incremento de los\u00a0grav\u00e1menes a Pek\u00edn hasta el 125% anunciado ayer. Un funcionario confirm\u00f3 a la cadena que este arancel\u00a0se suma al [&hellip;]<\/p>\n","protected":false},"author":2,"featured_media":214617,"comment_status":"closed","ping_status":"closed","sticky":false,"template":"","format":"standard","meta":{"footnotes":""},"categories":[12870,182],"tags":[12865,12871],"class_list":["post-214616","post","type-post","status-publish","format-standard","has-post-thumbnail","hentry","category-destacadas","category-internacional","tag-destacadas","tag-internacional"],"jetpack_featured_media_url":"https:\/\/rnoticias.com.mx\/Portal\/wp-content\/uploads\/2025\/04\/descarga-3.jpg","amp_enabled":true,"_links":{"self":[{"href":"https:\/\/rnoticias.com.mx\/Portal\/wp-json\/wp\/v2\/posts\/214616","targetHints":{"allow":["GET"]}}],"collection":[{"href":"https:\/\/rnoticias.com.mx\/Portal\/wp-json\/wp\/v2\/posts"}],"about":[{"href":"https:\/\/rnoticias.com.mx\/Portal\/wp-json\/wp\/v2\/types\/post"}],"author":[{"embeddable":true,"href":"https:\/\/rnoticias.com.mx\/Portal\/wp-json\/wp\/v2\/users\/2"}],"replies":[{"embeddable":true,"href":"https:\/\/rnoticias.com.mx\/Portal\/wp-json\/wp\/v2\/comments?post=214616"}],"version-history":[{"count":1,"href":"https:\/\/rnoticias.com.mx\/Portal\/wp-json\/wp\/v2\/posts\/214616\/revisions"}],"predecessor-version":[{"id":214618,"href":"https:\/\/rnoticias.com.mx\/Portal\/wp-json\/wp\/v2\/posts\/214616\/revisions\/214618"}],"wp:featuredmedia":[{"embeddable":true,"href":"https:\/\/rnoticias.com.mx\/Portal\/wp-json\/wp\/v2\/media\/214617"}],"wp:attachment":[{"href":"https:\/\/rnoticias.com.mx\/Portal\/wp-json\/wp\/v2\/media?parent=214616"}],"wp:term":[{"taxonomy":"category","embeddable":true,"href":"https:\/\/rnoticias.com.mx\/Portal\/wp-json\/wp\/v2\/categories?post=214616"},{"taxonomy":"post_tag","embeddable":true,"href":"https:\/\/rnoticias.com.mx\/Portal\/wp-json\/wp\/v2\/tags?post=214616"}],"curies":[{"name":"wp","href":"https:\/\/api.w.org\/{rel}","templated":true}]}}