{"id":214607,"date":"2025-04-10T19:46:20","date_gmt":"2025-04-10T19:46:20","guid":{"rendered":"https:\/\/rnoticias.com.mx\/Portal\/?p=214607"},"modified":"2025-04-10T19:46:20","modified_gmt":"2025-04-10T19:46:20","slug":"gobierno-de-sonora-impulsa-el-desarrollo-de-industria-acuicola-con-apoyo-de-universidades-ues","status":"publish","type":"post","link":"https:\/\/rnoticias.com.mx\/Portal\/2025\/04\/10\/gobierno-de-sonora-impulsa-el-desarrollo-de-industria-acuicola-con-apoyo-de-universidades-ues\/","title":{"rendered":"Gobierno de Sonora impulsa el desarrollo de industria acu\u00edcola con apoyo de universidades: UES"},"content":{"rendered":"<table class=\"m_-4714466288521834958shell_panel-row\" border=\"0\" width=\"100%\" cellspacing=\"0\" cellpadding=\"0\" bgcolor=\"#e6e6e6\">\n<tbody>\n<tr>\n<td align=\"center\" valign=\"top\">\n<table class=\"m_-4714466288521834958scale\" border=\"0\" cellspacing=\"0\" cellpadding=\"0\" align=\"center\">\n<tbody>\n<tr>\n<td align=\"center\" valign=\"top\">\n<table border=\"0\" width=\"100%\" cellspacing=\"0\" cellpadding=\"0\" align=\"center\">\n<tbody>\n<tr>\n<td align=\"center\" valign=\"top\" bgcolor=\"#ffffff\">\n<table class=\"m_-4714466288521834958layout\" border=\"0\" width=\"100%\" cellspacing=\"0\" cellpadding=\"0\">\n<tbody>\n<tr>\n<td class=\"m_-4714466288521834958column m_-4714466288521834958scale m_-4714466288521834958stack\" align=\"center\" valign=\"top\">\n<table class=\"m_-4714466288521834958text\" border=\"0\" width=\"100%\" cellspacing=\"0\" cellpadding=\"0\">\n<tbody>\n<tr>\n<td class=\"m_-4714466288521834958text_content-cell m_-4714466288521834958content-padding-horizontal\" align=\"left\" valign=\"top\">\n<p align=\"center\">\n<p>Hermosillo, Sonora; 10 de abril de 2025.- Con el firme prop\u00f3sito de fortalecer la colaboraci\u00f3n entre la academia, el sector productivo y el Gobierno del Estado, la Universidad Estatal de Sonora (UES) y el Instituto de Acuacultura del Estado de Sonora (IAES) firmaron un convenio que impulsar\u00e1 proyectos estrat\u00e9gicos para el desarrollo de la industria acu\u00edcola y de otras especies marinas en la regi\u00f3n.<\/p>\n<p>La rectora de la UES, Martha Patricia Pati\u00f1o Fierro, destac\u00f3 la relevancia de este acuerdo, subrayando el compromiso del Gobierno de Sonora con el desarrollo sostenible y la innovaci\u00f3n en sectores clave para el futuro de la entidad.<\/p>\n<p>&#8220;Firmar este convenio es refrendar el compromiso que hemos hecho con nuestro gobernador, Alfonso Durazo, para que la academia, el Gobierno y la iniciativa privada trabajemos de manera articulada en favor del desarrollo de Sonora, lo cual se refleja no solo en la formaci\u00f3n de profesionistas que se integran a la industria, sino tambi\u00e9n en la generaci\u00f3n de proyectos de investigaci\u00f3n&#8221;, se\u00f1al\u00f3 Pati\u00f1o Fierro.<\/p>\n<p>La UES contin\u00faa consolid\u00e1ndose como l\u00edder en la formaci\u00f3n de profesionales especializados en acuacultura, con programas educativos como Ingenier\u00eda en Biotecnolog\u00eda Acu\u00e1tica y Maestr\u00eda en Ciencias en Producci\u00f3n y Gesti\u00f3n de Negocios Sustentables en Navojoa, adem\u00e1s de Licenciatura en Agronegocios en Hermosillo y Navojoa. La universidad tambi\u00e9n cuenta con campos experimentales y tanques para el desarrollo de especies marinas en la zona rural de Hermosillo y Villa Ju\u00e1rez.<\/p>\n<p>Por su parte, Ram\u00f3n Nenninger Check Cinco, director general del IAES, reconoci\u00f3 el impacto de los egresados de la UES en la industria acu\u00edcola de la regi\u00f3n desde los a\u00f1os noventa, lo que confirma la calidad acad\u00e9mica de la instituci\u00f3n y su impacto en la producci\u00f3n de especies como la tilapia, el camar\u00f3n, el osti\u00f3n y otras especies marinas en Sonora.<\/td>\n<\/tr>\n<\/tbody>\n<\/table>\n<\/td>\n<\/tr>\n<\/tbody>\n<\/table>\n<\/td>\n<\/tr>\n<\/tbody>\n<\/table>\n<\/td>\n<\/tr>\n<\/tbody>\n<\/table>\n<\/td>\n<\/tr>\n<\/tbody>\n<\/table>\n","protected":false},"excerpt":{"rendered":"<p>Hermosillo, Sonora; 10 de abril de 2025.- Con el firme prop\u00f3sito de fortalecer la colaboraci\u00f3n entre la academia, el sector productivo y el Gobierno del Estado, la Universidad Estatal de Sonora (UES) y el Instituto de Acuacultura del Estado de Sonora (IAES) firmaron un convenio que impulsar\u00e1 proyectos estrat\u00e9gicos para el desarrollo de la industria [&hellip;]<\/p>\n","protected":false},"author":2,"featured_media":214608,"comment_status":"closed","ping_status":"closed","sticky":false,"template":"","format":"standard","meta":{"footnotes":""},"categories":[12870,178],"tags":[12865,12869],"class_list":["post-214607","post","type-post","status-publish","format-standard","has-post-thumbnail","hentry","category-destacadas","category-local","tag-destacadas","tag-local"],"jetpack_featured_media_url":"https:\/\/rnoticias.com.mx\/Portal\/wp-content\/uploads\/2025\/04\/unnamed-44.jpg","amp_enabled":true,"_links":{"self":[{"href":"https:\/\/rnoticias.com.mx\/Portal\/wp-json\/wp\/v2\/posts\/214607","targetHints":{"allow":["GET"]}}],"collection":[{"href":"https:\/\/rnoticias.com.mx\/Portal\/wp-json\/wp\/v2\/posts"}],"about":[{"href":"https:\/\/rnoticias.com.mx\/Portal\/wp-json\/wp\/v2\/types\/post"}],"author":[{"embeddable":true,"href":"https:\/\/rnoticias.com.mx\/Portal\/wp-json\/wp\/v2\/users\/2"}],"replies":[{"embeddable":true,"href":"https:\/\/rnoticias.com.mx\/Portal\/wp-json\/wp\/v2\/comments?post=214607"}],"version-history":[{"count":1,"href":"https:\/\/rnoticias.com.mx\/Portal\/wp-json\/wp\/v2\/posts\/214607\/revisions"}],"predecessor-version":[{"id":214609,"href":"https:\/\/rnoticias.com.mx\/Portal\/wp-json\/wp\/v2\/posts\/214607\/revisions\/214609"}],"wp:featuredmedia":[{"embeddable":true,"href":"https:\/\/rnoticias.com.mx\/Portal\/wp-json\/wp\/v2\/media\/214608"}],"wp:attachment":[{"href":"https:\/\/rnoticias.com.mx\/Portal\/wp-json\/wp\/v2\/media?parent=214607"}],"wp:term":[{"taxonomy":"category","embeddable":true,"href":"https:\/\/rnoticias.com.mx\/Portal\/wp-json\/wp\/v2\/categories?post=214607"},{"taxonomy":"post_tag","embeddable":true,"href":"https:\/\/rnoticias.com.mx\/Portal\/wp-json\/wp\/v2\/tags?post=214607"}],"curies":[{"name":"wp","href":"https:\/\/api.w.org\/{rel}","templated":true}]}}