{"id":214583,"date":"2025-04-10T17:54:12","date_gmt":"2025-04-10T17:54:12","guid":{"rendered":"https:\/\/rnoticias.com.mx\/Portal\/?p=214583"},"modified":"2025-04-10T17:54:12","modified_gmt":"2025-04-10T17:54:12","slug":"personas-expertas-electorales-internacionales-reconocen-alta-cultura-democratica-en-mexico","status":"publish","type":"post","link":"https:\/\/rnoticias.com.mx\/Portal\/2025\/04\/10\/personas-expertas-electorales-internacionales-reconocen-alta-cultura-democratica-en-mexico\/","title":{"rendered":"Personas expertas electorales internacionales reconocen alta cultura democr\u00e1tica en M\u00e9xico"},"content":{"rendered":"<p class=\"x_MsoNormal\"><span data-olk-copy-source=\"MessageBody\">Integrantes de la Misi\u00f3n de Acompa\u00f1amiento de Personas Expertas Electorales Internacionales, en el marco del Proceso Electoral Extraordinario para la elecci\u00f3n de diversos cargos del Poder Judicial de la Federaci\u00f3n (PEEPJF) 2024-2025, reconocieron la alta cultura democr\u00e1tica que M\u00e9xico ha mostrado a lo largo de su historia electoral, la cual jugar\u00e1 un papel fundamental en estas elecciones.<\/span><\/p>\n<p class=\"x_MsoNormal\">\n<p class=\"x_MsoNormal\">En conferencia de prensa, realizada en la sede del Instituto Nacional Electoral (INE), la jefa de la misi\u00f3n, Katia Uriona Gamarra, explic\u00f3 que esta misi\u00f3n se integr\u00f3 a invitaci\u00f3n del Instituto y su principal objetivo es acompa\u00f1ar la elecci\u00f3n extraordinaria del Poder Judicial, \u201crelevante no s\u00f3lo porque es un proceso in\u00e9dito en el pa\u00eds, sino tambi\u00e9n porque se establece en el marco de la reforma constitucional\u201d.<\/p>\n<p class=\"x_MsoNormal\">\n<p class=\"x_MsoNormal\">La ex presidenta del Tribunal Supremo Electoral de Bolivia y experta en democracia paritaria e intercultural, as\u00ed como en sistemas y procesos electorales, subray\u00f3 que esta delegaci\u00f3n est\u00e1 enmarcada en desarrollar una observaci\u00f3n independiente, imparcial y anal\u00edtica.<\/p>\n<p class=\"x_MsoNormal\">\n<p class=\"x_MsoNormal\">Es decir, que se van a acompa\u00f1ar los diferentes procesos en el marco de la elecci\u00f3n y se emitir\u00e1 un informe posterior que incluya los aprendizajes y las recomendaciones para el INE y diferentes organismos electorales.<\/p>\n<p class=\"x_MsoNormal\">\n<p class=\"x_MsoNormal\">Por su parte, el Director regional para Am\u00e9rica Latina y el Caribe en la Fundaci\u00f3n Internacional para los Sistemas Electorales, M\u00e1ximo Zald\u00edvar, sostuvo que, en esta primera visita, pudo observar que el INE ha implementado la ley electoral con muchos retos de tiempo, de recursos y log\u00edsticos, pero de una manera muy profesional, r\u00e1pida y conforme a la realidad del pa\u00eds.<\/p>\n<p class=\"x_MsoNormal\">\n<p class=\"x_MsoNormal\">El licenciado en Ciencia Pol\u00edticas con maestr\u00eda en Derechos Humanos estim\u00f3 que la creaci\u00f3n de los distritos judiciales electorales facilita y garantiza la participaci\u00f3n ciudadana.<\/p>\n<p class=\"x_MsoNormal\">\n<p class=\"x_MsoNormal\">Por su parte, la integrante de la misi\u00f3n y Directora Ejecutiva Institucional del Tribunal Electoral de Panam\u00e1, Yara Ivette Campo Berr\u00edo, reconoci\u00f3 la confianza de la que goza el INE debido a sus altos c\u00e1nones de rendimiento y el compromiso de su personal.<\/p>\n<p class=\"x_MsoNormal\">\n<p class=\"x_MsoNormal\">\u201cAqu\u00ed se ve mucho de ese compromiso de todas las funcionarias y funcionarios de cumplir jornadas extraordinarias para cubrir todas las etapas y entregar integridad electoral\u201d, destac\u00f3 la licenciada en Derecho y Ciencia Pol\u00edtica con maestr\u00eda en Derecho Procesal.<\/p>\n<p class=\"x_MsoNormal\">\n<p class=\"x_MsoNormal\">En sesi\u00f3n de preguntas y respuestas, las personas integrantes de la misi\u00f3n destacaron la importancia de plataformas como\u00a0<i>Con\u00f3celes<\/i>, para que la ciudadan\u00eda se pueda informar respecto de las diferentes candidaturas para emitir su voto. Adem\u00e1s, coincidieron en que se debe motivar la participaci\u00f3n ciudadana por parte de la autoridad electoral, los medios de comunicaci\u00f3n y la academia.<\/p>\n<p class=\"x_MsoNormal\">\n<p class=\"x_MsoNormal\">La Misi\u00f3n de Acompa\u00f1amiento de Personas Expertas Electorales Internacionales, en el marco del PEEPJF 2024-2025, tambi\u00e9n est\u00e1 integrada por el investigador e integrante de la Academia Brasile\u00f1a de Derecho Electoral y Pol\u00edtico, Frederico Alvim.<\/p>\n<p class=\"x_MsoNormal\">\n<p class=\"x_MsoNormal\">Luego de esta primera visita, la delegaci\u00f3n regresar\u00e1 a M\u00e9xico d\u00edas antes y durante la Jornada Electoral del 1 de junio y acompa\u00f1ar\u00e1 la etapa de c\u00f3mputos de la elecci\u00f3n.<\/p>\n<p class=\"x_MsoNormal\">\n<p class=\"x_MsoNormal\">La conferencia fue moderada por la Coordinadora de Asuntos Internacionales del INE, Marisa Arlene Cabral Porchas.<\/p>\n","protected":false},"excerpt":{"rendered":"<p>Integrantes de la Misi\u00f3n de Acompa\u00f1amiento de Personas Expertas Electorales Internacionales, en el marco del Proceso Electoral Extraordinario para la elecci\u00f3n de diversos cargos del Poder Judicial de la Federaci\u00f3n (PEEPJF) 2024-2025, reconocieron la alta cultura democr\u00e1tica que M\u00e9xico ha mostrado a lo largo de su historia electoral, la cual jugar\u00e1 un papel fundamental en [&hellip;]<\/p>\n","protected":false},"author":2,"featured_media":214584,"comment_status":"closed","ping_status":"closed","sticky":false,"template":"","format":"standard","meta":{"footnotes":""},"categories":[12870,172],"tags":[12865,12874],"class_list":["post-214583","post","type-post","status-publish","format-standard","has-post-thumbnail","hentry","category-destacadas","category-nacional","tag-destacadas","tag-nacional"],"jetpack_featured_media_url":"https:\/\/rnoticias.com.mx\/Portal\/wp-content\/uploads\/2025\/04\/IMG-20250409-WA0194.jpg","amp_enabled":true,"_links":{"self":[{"href":"https:\/\/rnoticias.com.mx\/Portal\/wp-json\/wp\/v2\/posts\/214583","targetHints":{"allow":["GET"]}}],"collection":[{"href":"https:\/\/rnoticias.com.mx\/Portal\/wp-json\/wp\/v2\/posts"}],"about":[{"href":"https:\/\/rnoticias.com.mx\/Portal\/wp-json\/wp\/v2\/types\/post"}],"author":[{"embeddable":true,"href":"https:\/\/rnoticias.com.mx\/Portal\/wp-json\/wp\/v2\/users\/2"}],"replies":[{"embeddable":true,"href":"https:\/\/rnoticias.com.mx\/Portal\/wp-json\/wp\/v2\/comments?post=214583"}],"version-history":[{"count":1,"href":"https:\/\/rnoticias.com.mx\/Portal\/wp-json\/wp\/v2\/posts\/214583\/revisions"}],"predecessor-version":[{"id":214585,"href":"https:\/\/rnoticias.com.mx\/Portal\/wp-json\/wp\/v2\/posts\/214583\/revisions\/214585"}],"wp:featuredmedia":[{"embeddable":true,"href":"https:\/\/rnoticias.com.mx\/Portal\/wp-json\/wp\/v2\/media\/214584"}],"wp:attachment":[{"href":"https:\/\/rnoticias.com.mx\/Portal\/wp-json\/wp\/v2\/media?parent=214583"}],"wp:term":[{"taxonomy":"category","embeddable":true,"href":"https:\/\/rnoticias.com.mx\/Portal\/wp-json\/wp\/v2\/categories?post=214583"},{"taxonomy":"post_tag","embeddable":true,"href":"https:\/\/rnoticias.com.mx\/Portal\/wp-json\/wp\/v2\/tags?post=214583"}],"curies":[{"name":"wp","href":"https:\/\/api.w.org\/{rel}","templated":true}]}}