{"id":214580,"date":"2025-04-10T17:53:18","date_gmt":"2025-04-10T17:53:18","guid":{"rendered":"https:\/\/rnoticias.com.mx\/Portal\/?p=214580"},"modified":"2025-04-10T17:53:18","modified_gmt":"2025-04-10T17:53:18","slug":"invita-gobierno-de-sonora-a-participar-en-la-primera-carrera-camina-rueda-celebra","status":"publish","type":"post","link":"https:\/\/rnoticias.com.mx\/Portal\/2025\/04\/10\/invita-gobierno-de-sonora-a-participar-en-la-primera-carrera-camina-rueda-celebra\/","title":{"rendered":"Invita Gobierno de Sonora a participar en la primera carrera \u201cCamina, Rueda, Celebra\u201d"},"content":{"rendered":"<p>Hermosillo, Sonora; 10 de abril de 2025.- En el marco del D\u00eda Mundial de la Madre Tierra, el Gobierno del Estado de Sonora, a trav\u00e9s de la Comisi\u00f3n de Ecolog\u00eda y Desarrollo Sustentable (CEDES), invita a la ciudadan\u00eda a participar en la primera carrera recreativa \u201cCamina, Rueda, Celebra\u201d, un evento familiar que promueve la movilidad sustentable y el respeto por el medio ambiente.<\/p>\n<p>La cita es este domingo 13 de abril, a las 7:00 horas, en el Bosque Urbano La Sauceda, en Hermosillo. El registro comenzar\u00e1 a las 6:30 horas, por lo que se invita a las y los participantes a acudir con anticipaci\u00f3n.<\/p>\n<p>La distancia a recorrer ser\u00e1 de 5 kil\u00f3metros, en las modalidades de carrera y bicicleta, adem\u00e1s de 1 kil\u00f3metro en caminata, con punto de partida y meta en el foro al aire libre de este espacio recreativo.<\/p>\n<p>Este evento est\u00e1 abierto a todo el p\u00fablico y busca fomentar una cultura de respeto hacia el planeta. Se aceptar\u00e1n bicicletas, sillas de ruedas, patinetas y otros veh\u00edculos no motorizados.<\/p>\n<p>Los primeros participantes en registrarse recibir\u00e1n una camiseta conmemorativa del evento, y quienes lleguen primero a la meta obtendr\u00e1n medallas de reconocimiento por su destacada participaci\u00f3n.<\/p>\n<p>Para inscribirse, las personas interesadas pueden escanear el c\u00f3digo QR incluido en la convocatoria oficial o escribir al correo\u00a0<a href=\"mailto:educacion.ambiental@sonora.gob.mx\" target=\"_blank\" rel=\"noopener\">educacion.ambiental@sonora.<wbr \/>gob.mx<\/a>\u00a0para m\u00e1s informaci\u00f3n.<\/p>\n","protected":false},"excerpt":{"rendered":"<p>Hermosillo, Sonora; 10 de abril de 2025.- En el marco del D\u00eda Mundial de la Madre Tierra, el Gobierno del Estado de Sonora, a trav\u00e9s de la Comisi\u00f3n de Ecolog\u00eda y Desarrollo Sustentable (CEDES), invita a la ciudadan\u00eda a participar en la primera carrera recreativa \u201cCamina, Rueda, Celebra\u201d, un evento familiar que promueve la movilidad [&hellip;]<\/p>\n","protected":false},"author":2,"featured_media":214581,"comment_status":"closed","ping_status":"closed","sticky":false,"template":"","format":"standard","meta":{"footnotes":""},"categories":[12870,178],"tags":[12865,12869],"class_list":["post-214580","post","type-post","status-publish","format-standard","has-post-thumbnail","hentry","category-destacadas","category-local","tag-destacadas","tag-local"],"jetpack_featured_media_url":"https:\/\/rnoticias.com.mx\/Portal\/wp-content\/uploads\/2025\/04\/unnamed-43.jpg","amp_enabled":true,"_links":{"self":[{"href":"https:\/\/rnoticias.com.mx\/Portal\/wp-json\/wp\/v2\/posts\/214580","targetHints":{"allow":["GET"]}}],"collection":[{"href":"https:\/\/rnoticias.com.mx\/Portal\/wp-json\/wp\/v2\/posts"}],"about":[{"href":"https:\/\/rnoticias.com.mx\/Portal\/wp-json\/wp\/v2\/types\/post"}],"author":[{"embeddable":true,"href":"https:\/\/rnoticias.com.mx\/Portal\/wp-json\/wp\/v2\/users\/2"}],"replies":[{"embeddable":true,"href":"https:\/\/rnoticias.com.mx\/Portal\/wp-json\/wp\/v2\/comments?post=214580"}],"version-history":[{"count":1,"href":"https:\/\/rnoticias.com.mx\/Portal\/wp-json\/wp\/v2\/posts\/214580\/revisions"}],"predecessor-version":[{"id":214582,"href":"https:\/\/rnoticias.com.mx\/Portal\/wp-json\/wp\/v2\/posts\/214580\/revisions\/214582"}],"wp:featuredmedia":[{"embeddable":true,"href":"https:\/\/rnoticias.com.mx\/Portal\/wp-json\/wp\/v2\/media\/214581"}],"wp:attachment":[{"href":"https:\/\/rnoticias.com.mx\/Portal\/wp-json\/wp\/v2\/media?parent=214580"}],"wp:term":[{"taxonomy":"category","embeddable":true,"href":"https:\/\/rnoticias.com.mx\/Portal\/wp-json\/wp\/v2\/categories?post=214580"},{"taxonomy":"post_tag","embeddable":true,"href":"https:\/\/rnoticias.com.mx\/Portal\/wp-json\/wp\/v2\/tags?post=214580"}],"curies":[{"name":"wp","href":"https:\/\/api.w.org\/{rel}","templated":true}]}}