{"id":214528,"date":"2025-04-10T02:32:51","date_gmt":"2025-04-10T02:32:51","guid":{"rendered":"https:\/\/rnoticias.com.mx\/Portal\/?p=214528"},"modified":"2025-04-10T02:32:51","modified_gmt":"2025-04-10T02:32:51","slug":"no-mas-sultanes-en-la-lmp-el-beisbol-invernal-tendra-nuevo-equipo-en-nayarit","status":"publish","type":"post","link":"https:\/\/rnoticias.com.mx\/Portal\/2025\/04\/10\/no-mas-sultanes-en-la-lmp-el-beisbol-invernal-tendra-nuevo-equipo-en-nayarit\/","title":{"rendered":"\u00a1No m\u00e1s Sultanes en la LMP! El beisbol invernal tendr\u00e1 nuevo equipo en Nayarit"},"content":{"rendered":"<div class=\"jsx-2967429747fa71a6 subtitle\">\n<p>Este jueves se har\u00e1 oficial la salida de Sultanes de la Liga Mexicana del Pac\u00edfico, luego de seis temporadas; la franquicia pasar\u00e1 a manos de Carlos Peralta y dar\u00e1 paso a los Jaguares de Tepic,<\/p>\n<\/div>\n<div class=\"jsx-ac1c5ade7403c473 body\">\n<div class=\"jsx-ac1c5ade7403c473 block parragraph\">\n<p class=\"jsx-f8fbb732c92ecf3d capital\">Luego de seis temporadas en la\u00a0<strong>Liga Mexicana del Pac\u00edfico (LMP)<\/strong>, los<strong>\u00a0Sultanes de Monterrey<\/strong>\u00a0cerrar\u00e1n su etapa en el beisbol invernal. La franquicia ser\u00e1 vendida al empresario\u00a0<strong>Carlos Peralta Quintero<\/strong>, quien trasladar\u00e1 la plaza a\u00a0<strong>Tepic, Nayari<\/strong>t, donde nacer\u00e1n los\u00a0<strong>Jaguares<\/strong>. El anuncio se har\u00e1 oficial este jueves 10 de abril tras la asamblea de presidentes en\u00a0<strong>Guadalajara<\/strong>.<\/p>\n<\/div>\n<div class=\"jsx-ac1c5ade7403c473 block parragraph\">\n<p class=\"jsx-f8fbb732c92ecf3d \">La\u00a0<strong>Liga Mexicana del Pac\u00edfico<\/strong>\u00a0vivir\u00e1 una jornada de cambios significativos este jueves. En la rueda de prensa posterior a la asamblea de presidentes, se oficializar\u00e1 la venta de la franquicia invernal de<strong>\u00a0Sultanes de Monterrey,<\/strong>\u00a0marcando el final de su participaci\u00f3n en el circuito. La plaza pasar\u00e1 a manos del empresario\u00a0<strong>Carlos Peralta Quintero,<\/strong>\u00a0quien regresar\u00e1 al beisbol profesional mexicano con la creaci\u00f3n de los\u00a0<strong>Jaguares de Tepic.<\/strong><\/p>\n<\/div>\n<div class=\"jsx-ac1c5ade7403c473 block parragraph\">\n<p class=\"jsx-f8fbb732c92ecf3d \"><strong>Sultanes<\/strong>\u00a0debut\u00f3 en la\u00a0<strong>LMP<\/strong>\u00a0en la temporada 2019-2020 como parte del proceso de expansi\u00f3n. Durante seis campa\u00f1as, el equipo compiti\u00f3 de forma regular, clasificando a playoffs y creando una afici\u00f3n en\u00a0<strong>Monterrey<\/strong>\u00a0que respondi\u00f3 con entusiasmo. No obstante, desde un inicio se supo que su presencia invernal era una soluci\u00f3n temporal, con m\u00faltiples desaf\u00edos log\u00edsticos y operativos al participar tambi\u00e9n en la\u00a0<strong>Liga Mexicana de Beisbol\u00a0<\/strong>en verano.<\/p>\n<\/div>\n<div class=\"jsx-ac1c5ade7403c473 block parragraph\">\n<p class=\"jsx-f8fbb732c92ecf3d \"><strong>Carlos Peralta<\/strong>, quien en su momento fue propietario de los\u00a0<strong>Tigres de Quintana Roo<\/strong>, vuelve al mapa del beisbol con una apuesta por\u00a0<strong>Tepic<\/strong>, una plaza hist\u00f3ricamente cercana al coraz\u00f3n de la\u00a0<strong>LMP<\/strong>, y con un proyecto que buscar\u00e1 consolidarse a largo plazo en la regi\u00f3n del Pac\u00edfico.<\/p>\n<\/div>\n<div class=\"jsx-ac1c5ade7403c473 block parragraph\">\n<p class=\"jsx-f8fbb732c92ecf3d \">Este mismo jueves, tambi\u00e9n se anunciar\u00e1n dos movimientos adicionales: la mudanza de los\u00a0<strong>Mayos de Navojoa\u00a0<\/strong>a\u00a0<strong>Tucson, Arizona<\/strong>, y la salida de\u00a0<strong>Carlos Manrique<\/strong>\u00a0de la presidencia de la liga, en una jornada que marcar\u00e1 un punto de inflexi\u00f3n para el circuito.<\/p>\n<\/div>\n<div class=\"jsx-ac1c5ade7403c473 block parragraph\">\n<p class=\"jsx-f8fbb732c92ecf3d \">Los\u00a0<strong>Sultanes<\/strong>\u00a0mantendr\u00e1n su operaci\u00f3n en el verano, donde seguir\u00e1n siendo uno de los clubes m\u00e1s hist\u00f3ricos del pa\u00eds. El beisbol invernal, sin embargo, se despide de\u00a0<strong>Monterrey<\/strong>. Una historia breve, pero que dej\u00f3 huella en el Palacio Sult\u00e1n y en su afici\u00f3n. El invierno termina, pero el legado permanece.<\/p>\n<p>&nbsp;<\/p>\n<\/div>\n<p>estadiodeportes.mx<\/p>\n<\/div>\n","protected":false},"excerpt":{"rendered":"<p>Este jueves se har\u00e1 oficial la salida de Sultanes de la Liga Mexicana del Pac\u00edfico, luego de seis temporadas; la franquicia pasar\u00e1 a manos de Carlos Peralta y dar\u00e1 paso a los Jaguares de Tepic, Luego de seis temporadas en la\u00a0Liga Mexicana del Pac\u00edfico (LMP), los\u00a0Sultanes de Monterrey\u00a0cerrar\u00e1n su etapa en el beisbol invernal. La [&hellip;]<\/p>\n","protected":false},"author":2,"featured_media":214529,"comment_status":"closed","ping_status":"closed","sticky":false,"template":"","format":"standard","meta":{"footnotes":""},"categories":[188,12870],"tags":[5231,12865],"class_list":["post-214528","post","type-post","status-publish","format-standard","has-post-thumbnail","hentry","category-deportes","category-destacadas","tag-deportes","tag-destacadas"],"jetpack_featured_media_url":"https:\/\/rnoticias.com.mx\/Portal\/wp-content\/uploads\/2025\/04\/f960x540-288672_362747_5050.jpg","amp_enabled":true,"_links":{"self":[{"href":"https:\/\/rnoticias.com.mx\/Portal\/wp-json\/wp\/v2\/posts\/214528","targetHints":{"allow":["GET"]}}],"collection":[{"href":"https:\/\/rnoticias.com.mx\/Portal\/wp-json\/wp\/v2\/posts"}],"about":[{"href":"https:\/\/rnoticias.com.mx\/Portal\/wp-json\/wp\/v2\/types\/post"}],"author":[{"embeddable":true,"href":"https:\/\/rnoticias.com.mx\/Portal\/wp-json\/wp\/v2\/users\/2"}],"replies":[{"embeddable":true,"href":"https:\/\/rnoticias.com.mx\/Portal\/wp-json\/wp\/v2\/comments?post=214528"}],"version-history":[{"count":1,"href":"https:\/\/rnoticias.com.mx\/Portal\/wp-json\/wp\/v2\/posts\/214528\/revisions"}],"predecessor-version":[{"id":214530,"href":"https:\/\/rnoticias.com.mx\/Portal\/wp-json\/wp\/v2\/posts\/214528\/revisions\/214530"}],"wp:featuredmedia":[{"embeddable":true,"href":"https:\/\/rnoticias.com.mx\/Portal\/wp-json\/wp\/v2\/media\/214529"}],"wp:attachment":[{"href":"https:\/\/rnoticias.com.mx\/Portal\/wp-json\/wp\/v2\/media?parent=214528"}],"wp:term":[{"taxonomy":"category","embeddable":true,"href":"https:\/\/rnoticias.com.mx\/Portal\/wp-json\/wp\/v2\/categories?post=214528"},{"taxonomy":"post_tag","embeddable":true,"href":"https:\/\/rnoticias.com.mx\/Portal\/wp-json\/wp\/v2\/tags?post=214528"}],"curies":[{"name":"wp","href":"https:\/\/api.w.org\/{rel}","templated":true}]}}