{"id":214516,"date":"2025-04-10T02:23:39","date_gmt":"2025-04-10T02:23:39","guid":{"rendered":"https:\/\/rnoticias.com.mx\/Portal\/?p=214516"},"modified":"2025-04-10T02:23:39","modified_gmt":"2025-04-10T02:23:39","slug":"gobernador-durazo-potencia-crecimiento-en-mineria-construccion-y-energia-como-resultado-del-plan-sonora","status":"publish","type":"post","link":"https:\/\/rnoticias.com.mx\/Portal\/2025\/04\/10\/gobernador-durazo-potencia-crecimiento-en-mineria-construccion-y-energia-como-resultado-del-plan-sonora\/","title":{"rendered":"Gobernador Durazo potencia crecimiento en miner\u00eda, construcci\u00f3n y energ\u00eda como resultado del Plan Sonora"},"content":{"rendered":"<p>Hermosillo, Sonora; 9 de abril de 2025.- Como resultado de la implementaci\u00f3n del Plan Sonora de Energ\u00edas Sostenibles, la entidad sonorense ha registrado un crecimiento significativo en los rubros de generaci\u00f3n, transmisi\u00f3n y distribuci\u00f3n de energ\u00eda, agua y gas; as\u00ed como en miner\u00eda y construcci\u00f3n, de acuerdo con el Indicador Mensual de la Actividad Industrial por Entidad Federativa del Instituto Nacional de Estad\u00edstica y Geograf\u00eda (INEGI), asever\u00f3 el gobernador Alfonso Durazo Monta\u00f1o.<\/p>\n<p>El titular del Ejecutivo estatal subray\u00f3 que, en diciembre de 2024, Sonora aument\u00f3 su producci\u00f3n minera en un 3.9 por ciento; el sector de la construcci\u00f3n creci\u00f3 4.1 por ciento; y la generaci\u00f3n, transmisi\u00f3n y distribuci\u00f3n de energ\u00eda, agua y gas increment\u00f3 su actividad en un 9.3 por ciento.<\/p>\n<p>\u201cCon la ejecuci\u00f3n del Plan Sonora de Energ\u00edas Sostenibles, que ya es una realidad, se impulsa el desarrollo econ\u00f3mico de nuestro estado en varios sectores y lo posiciona como una referencia a nivel nacional\u201d, destac\u00f3.<\/p>\n<p>Agreg\u00f3 que estos avances se traducen en mayores oportunidades econ\u00f3micas para las familias sonorenses, con m\u00e1s y mejores empleos remunerados en la regi\u00f3n, reforzando as\u00ed el compromiso de su gobierno con el desarrollo econ\u00f3mico y social de la poblaci\u00f3n.<\/p>\n<p>En este sentido, el gobernador Durazo record\u00f3 que el Plan Sonora tiene como objetivo prioritario el impulso a las energ\u00edas renovables y limpias sobre las fuentes de combustibles f\u00f3siles, con el fin de consolidar la transici\u00f3n energ\u00e9tica en el pa\u00eds.<\/p>\n","protected":false},"excerpt":{"rendered":"<p>Hermosillo, Sonora; 9 de abril de 2025.- Como resultado de la implementaci\u00f3n del Plan Sonora de Energ\u00edas Sostenibles, la entidad sonorense ha registrado un crecimiento significativo en los rubros de generaci\u00f3n, transmisi\u00f3n y distribuci\u00f3n de energ\u00eda, agua y gas; as\u00ed como en miner\u00eda y construcci\u00f3n, de acuerdo con el Indicador Mensual de la Actividad Industrial [&hellip;]<\/p>\n","protected":false},"author":2,"featured_media":214517,"comment_status":"closed","ping_status":"closed","sticky":false,"template":"","format":"standard","meta":{"footnotes":""},"categories":[12870,178],"tags":[12865,12869],"class_list":["post-214516","post","type-post","status-publish","format-standard","has-post-thumbnail","hentry","category-destacadas","category-local","tag-destacadas","tag-local"],"jetpack_featured_media_url":"https:\/\/rnoticias.com.mx\/Portal\/wp-content\/uploads\/2025\/04\/unnamed-42.jpg","amp_enabled":true,"_links":{"self":[{"href":"https:\/\/rnoticias.com.mx\/Portal\/wp-json\/wp\/v2\/posts\/214516","targetHints":{"allow":["GET"]}}],"collection":[{"href":"https:\/\/rnoticias.com.mx\/Portal\/wp-json\/wp\/v2\/posts"}],"about":[{"href":"https:\/\/rnoticias.com.mx\/Portal\/wp-json\/wp\/v2\/types\/post"}],"author":[{"embeddable":true,"href":"https:\/\/rnoticias.com.mx\/Portal\/wp-json\/wp\/v2\/users\/2"}],"replies":[{"embeddable":true,"href":"https:\/\/rnoticias.com.mx\/Portal\/wp-json\/wp\/v2\/comments?post=214516"}],"version-history":[{"count":1,"href":"https:\/\/rnoticias.com.mx\/Portal\/wp-json\/wp\/v2\/posts\/214516\/revisions"}],"predecessor-version":[{"id":214518,"href":"https:\/\/rnoticias.com.mx\/Portal\/wp-json\/wp\/v2\/posts\/214516\/revisions\/214518"}],"wp:featuredmedia":[{"embeddable":true,"href":"https:\/\/rnoticias.com.mx\/Portal\/wp-json\/wp\/v2\/media\/214517"}],"wp:attachment":[{"href":"https:\/\/rnoticias.com.mx\/Portal\/wp-json\/wp\/v2\/media?parent=214516"}],"wp:term":[{"taxonomy":"category","embeddable":true,"href":"https:\/\/rnoticias.com.mx\/Portal\/wp-json\/wp\/v2\/categories?post=214516"},{"taxonomy":"post_tag","embeddable":true,"href":"https:\/\/rnoticias.com.mx\/Portal\/wp-json\/wp\/v2\/tags?post=214516"}],"curies":[{"name":"wp","href":"https:\/\/api.w.org\/{rel}","templated":true}]}}