{"id":214510,"date":"2025-04-09T23:12:34","date_gmt":"2025-04-09T23:12:34","guid":{"rendered":"https:\/\/rnoticias.com.mx\/Portal\/?p=214510"},"modified":"2025-04-09T23:12:34","modified_gmt":"2025-04-09T23:12:34","slug":"sensibiliza-gobierno-de-sonora-sobre-inclusion-a-operadores-de-transporte-publico-en-el-estado","status":"publish","type":"post","link":"https:\/\/rnoticias.com.mx\/Portal\/2025\/04\/09\/sensibiliza-gobierno-de-sonora-sobre-inclusion-a-operadores-de-transporte-publico-en-el-estado\/","title":{"rendered":"Sensibiliza Gobierno de Sonora sobre inclusi\u00f3n a operadores de transporte p\u00fablico en el estado"},"content":{"rendered":"<p>Hermosillo, Sonora; 9 de abril de 2025.- Con el objetivo de promover un servicio de transporte m\u00e1s inclusivo y accesible, el Sistema DIF Sonora, a trav\u00e9s de la Direcci\u00f3n de Atenci\u00f3n a Personas con Discapacidad, llev\u00f3 a cabo el curso &#8220;Sensibilizaci\u00f3n e Inclusi\u00f3n para Operadores de Transporte P\u00fablico&#8221;, en colaboraci\u00f3n con la Direcci\u00f3n Regional del Instituto de Movilidad y Transporte para el Estado de Sonora (IMTES).<\/p>\n<p>Esta capacitaci\u00f3n forma parte de las acciones impulsadas por el Gobierno de Sonora, encabezado por el gobernador Alfonso Durazo, quien se distingue por su enfoque humanista y sensible.<\/p>\n<p>Lizeth V\u00e1squez Ochoa, directora general del Sistema DIF Sonora, destac\u00f3 la importancia de concientizar a quienes prestan este servicio, promoviendo un trato digno y respetuoso hacia las personas con discapacidad y los adultos mayores.<\/p>\n<p>Entre los temas tratados se incluyen el uso de un lenguaje inclusivo, la accesibilidad en el transporte y la importancia de ofrecer un trato adecuado y emp\u00e1tico a las personas con discapacidad. La capacitaci\u00f3n estuvo dirigida a operadores del transporte p\u00fablico y privado en Sonora, con el fin de fomentar una cultura de respeto y sensibilizaci\u00f3n.<\/p>\n<p>En la formaci\u00f3n participaron especialistas del Centro de Rehabilitaci\u00f3n y Educaci\u00f3n Especial (CREE), del Centro de Atenci\u00f3n a Ciegos y de Baja Visi\u00f3n N\u00e9idi, y personal de la Direcci\u00f3n de Atenci\u00f3n a Personas con Discapacidad, quienes aportaron valiosos conocimientos sobre accesibilidad e inclusi\u00f3n.<\/p>\n<p>Durante la jornada, los operadores de la L\u00ednea 7 recibieron esta capacitaci\u00f3n. Esta ruta est\u00e1 especialmente dise\u00f1ada para personas con discapacidad, adultos mayores y mujeres embarazadas, ofreciendo un servicio gratuito con un recorrido accesible que conecta los principales hospitales y centros de salud de la ciudad. La ruta opera de lunes a viernes, de 6:00 a 15:00 horas, y su recorrido puede consultarse a trav\u00e9s de la app UNE. Con estas acciones, DIF Sonora reafirma su compromiso de seguir impulsando programas que favorezcan la inclusi\u00f3n y mejoren la calidad de vida de quienes m\u00e1s lo necesitan.<\/p>\n","protected":false},"excerpt":{"rendered":"<p>Hermosillo, Sonora; 9 de abril de 2025.- Con el objetivo de promover un servicio de transporte m\u00e1s inclusivo y accesible, el Sistema DIF Sonora, a trav\u00e9s de la Direcci\u00f3n de Atenci\u00f3n a Personas con Discapacidad, llev\u00f3 a cabo el curso &#8220;Sensibilizaci\u00f3n e Inclusi\u00f3n para Operadores de Transporte P\u00fablico&#8221;, en colaboraci\u00f3n con la Direcci\u00f3n Regional del [&hellip;]<\/p>\n","protected":false},"author":2,"featured_media":214511,"comment_status":"closed","ping_status":"closed","sticky":false,"template":"","format":"standard","meta":{"footnotes":""},"categories":[12870,178],"tags":[12865,12869],"class_list":["post-214510","post","type-post","status-publish","format-standard","has-post-thumbnail","hentry","category-destacadas","category-local","tag-destacadas","tag-local"],"jetpack_featured_media_url":"https:\/\/rnoticias.com.mx\/Portal\/wp-content\/uploads\/2025\/04\/unnamed-1-19.jpg","amp_enabled":true,"_links":{"self":[{"href":"https:\/\/rnoticias.com.mx\/Portal\/wp-json\/wp\/v2\/posts\/214510","targetHints":{"allow":["GET"]}}],"collection":[{"href":"https:\/\/rnoticias.com.mx\/Portal\/wp-json\/wp\/v2\/posts"}],"about":[{"href":"https:\/\/rnoticias.com.mx\/Portal\/wp-json\/wp\/v2\/types\/post"}],"author":[{"embeddable":true,"href":"https:\/\/rnoticias.com.mx\/Portal\/wp-json\/wp\/v2\/users\/2"}],"replies":[{"embeddable":true,"href":"https:\/\/rnoticias.com.mx\/Portal\/wp-json\/wp\/v2\/comments?post=214510"}],"version-history":[{"count":1,"href":"https:\/\/rnoticias.com.mx\/Portal\/wp-json\/wp\/v2\/posts\/214510\/revisions"}],"predecessor-version":[{"id":214512,"href":"https:\/\/rnoticias.com.mx\/Portal\/wp-json\/wp\/v2\/posts\/214510\/revisions\/214512"}],"wp:featuredmedia":[{"embeddable":true,"href":"https:\/\/rnoticias.com.mx\/Portal\/wp-json\/wp\/v2\/media\/214511"}],"wp:attachment":[{"href":"https:\/\/rnoticias.com.mx\/Portal\/wp-json\/wp\/v2\/media?parent=214510"}],"wp:term":[{"taxonomy":"category","embeddable":true,"href":"https:\/\/rnoticias.com.mx\/Portal\/wp-json\/wp\/v2\/categories?post=214510"},{"taxonomy":"post_tag","embeddable":true,"href":"https:\/\/rnoticias.com.mx\/Portal\/wp-json\/wp\/v2\/tags?post=214510"}],"curies":[{"name":"wp","href":"https:\/\/api.w.org\/{rel}","templated":true}]}}