{"id":214507,"date":"2025-04-09T23:11:59","date_gmt":"2025-04-09T23:11:59","guid":{"rendered":"https:\/\/rnoticias.com.mx\/Portal\/?p=214507"},"modified":"2025-04-09T23:11:59","modified_gmt":"2025-04-09T23:11:59","slug":"capacita-gobierno-de-sonora-a-policias-municipales-para-prevenir-y-atender-violencia-familiar-y-de-genero-sistema-salva","status":"publish","type":"post","link":"https:\/\/rnoticias.com.mx\/Portal\/2025\/04\/09\/capacita-gobierno-de-sonora-a-policias-municipales-para-prevenir-y-atender-violencia-familiar-y-de-genero-sistema-salva\/","title":{"rendered":"Capacita Gobierno de Sonora a polic\u00edas municipales para prevenir y atender violencia familiar y de g\u00e9nero: Sistema SALVA"},"content":{"rendered":"<p>Ciudad Obreg\u00f3n, Sonora; 9 de abril de 2025.- Como parte del compromiso del Gobierno de Sonora de contribuir a la profesionalizaci\u00f3n de las corporaciones de seguridad y dotarlas de los conocimientos necesarios para brindar una atenci\u00f3n eficaz a los casos reportados a la l\u00ednea de emergencias 9-1-1 por violencia familiar y de g\u00e9nero, personal del Sistema SALVA imparti\u00f3 una capacitaci\u00f3n dirigida a polic\u00edas municipales, inform\u00f3 Zulema Boneo Silva.<\/p>\n<p>La coordinadora estatal del Sistema de Atenci\u00f3n a la Violencia Familiar y de G\u00e9nero (SALVA) detall\u00f3 que durante tres d\u00edas consecutivos se ofreci\u00f3 una capacitaci\u00f3n especializada a elementos de los municipios de Cajeme, San Ignacio R\u00edo Muerto, B\u00e1cum y Benito Ju\u00e1rez.<\/p>\n<p>Durante la instrucci\u00f3n se abordaron temas como la funci\u00f3n del Sistema SALVA, perspectiva de g\u00e9nero, conceptos b\u00e1sicos del marco legal vigente en materia de atenci\u00f3n a v\u00edctimas de violencia familiar, primeros auxilios psicol\u00f3gicos, desarrollo del protocolo de intervenci\u00f3n en casos de violencia, as\u00ed como el objetivo de las Zonas SALVA: espacios seguros donde mujeres en situaci\u00f3n de riesgo pueden solicitar resguardo, y el uso de la aplicaci\u00f3n m\u00f3vil Mujeres Seguras.<\/p>\n<p>Boneo Silva subray\u00f3 que esta acci\u00f3n responde a una instrucci\u00f3n directa del secretario de Seguridad P\u00fablica, V\u00edctor Hugo Enr\u00edquez Garc\u00eda, de ofrecer capacitaciones constantes a los primeros respondientes en todo lo relacionado con el modelo SALVA.<\/p>\n<p>Finalmente, la funcionaria estatal reconoci\u00f3 la disposici\u00f3n de los alcaldes y comisarios de Seguridad P\u00fablica de los municipios participantes para trabajar de manera coordinada en la prevenci\u00f3n de la violencia familiar y de g\u00e9nero, as\u00ed como en la atenci\u00f3n y seguimiento a las v\u00edctimas, con el objetivo de que cada caso se traduzca en justicia.<\/p>\n","protected":false},"excerpt":{"rendered":"<p>Ciudad Obreg\u00f3n, Sonora; 9 de abril de 2025.- Como parte del compromiso del Gobierno de Sonora de contribuir a la profesionalizaci\u00f3n de las corporaciones de seguridad y dotarlas de los conocimientos necesarios para brindar una atenci\u00f3n eficaz a los casos reportados a la l\u00ednea de emergencias 9-1-1 por violencia familiar y de g\u00e9nero, personal del [&hellip;]<\/p>\n","protected":false},"author":2,"featured_media":214508,"comment_status":"closed","ping_status":"closed","sticky":false,"template":"","format":"standard","meta":{"footnotes":""},"categories":[12870,174],"tags":[12865,12873],"class_list":["post-214507","post","type-post","status-publish","format-standard","has-post-thumbnail","hentry","category-destacadas","category-estatal","tag-destacadas","tag-estatal"],"jetpack_featured_media_url":"https:\/\/rnoticias.com.mx\/Portal\/wp-content\/uploads\/2025\/04\/unnamed-41.jpg","amp_enabled":true,"_links":{"self":[{"href":"https:\/\/rnoticias.com.mx\/Portal\/wp-json\/wp\/v2\/posts\/214507","targetHints":{"allow":["GET"]}}],"collection":[{"href":"https:\/\/rnoticias.com.mx\/Portal\/wp-json\/wp\/v2\/posts"}],"about":[{"href":"https:\/\/rnoticias.com.mx\/Portal\/wp-json\/wp\/v2\/types\/post"}],"author":[{"embeddable":true,"href":"https:\/\/rnoticias.com.mx\/Portal\/wp-json\/wp\/v2\/users\/2"}],"replies":[{"embeddable":true,"href":"https:\/\/rnoticias.com.mx\/Portal\/wp-json\/wp\/v2\/comments?post=214507"}],"version-history":[{"count":1,"href":"https:\/\/rnoticias.com.mx\/Portal\/wp-json\/wp\/v2\/posts\/214507\/revisions"}],"predecessor-version":[{"id":214509,"href":"https:\/\/rnoticias.com.mx\/Portal\/wp-json\/wp\/v2\/posts\/214507\/revisions\/214509"}],"wp:featuredmedia":[{"embeddable":true,"href":"https:\/\/rnoticias.com.mx\/Portal\/wp-json\/wp\/v2\/media\/214508"}],"wp:attachment":[{"href":"https:\/\/rnoticias.com.mx\/Portal\/wp-json\/wp\/v2\/media?parent=214507"}],"wp:term":[{"taxonomy":"category","embeddable":true,"href":"https:\/\/rnoticias.com.mx\/Portal\/wp-json\/wp\/v2\/categories?post=214507"},{"taxonomy":"post_tag","embeddable":true,"href":"https:\/\/rnoticias.com.mx\/Portal\/wp-json\/wp\/v2\/tags?post=214507"}],"curies":[{"name":"wp","href":"https:\/\/api.w.org\/{rel}","templated":true}]}}