{"id":214504,"date":"2025-04-09T22:44:32","date_gmt":"2025-04-09T22:44:32","guid":{"rendered":"https:\/\/rnoticias.com.mx\/Portal\/?p=214504"},"modified":"2025-04-09T22:44:32","modified_gmt":"2025-04-09T22:44:32","slug":"fgjes-ejecuta-orden-de-aprehension-contra-integrante-de-grupo-delictivo-por-desaparicion-forzada","status":"publish","type":"post","link":"https:\/\/rnoticias.com.mx\/Portal\/2025\/04\/09\/fgjes-ejecuta-orden-de-aprehension-contra-integrante-de-grupo-delictivo-por-desaparicion-forzada\/","title":{"rendered":"FGJES ejecuta orden de aprehensi\u00f3n contra integrante de grupo delictivo por desaparici\u00f3n forzada"},"content":{"rendered":"<p>Cajeme, Sonora, 9 de abril de 2025.- Elementos de la Agencia Ministerial de Investigaci\u00f3n Criminal (AMIC) en coordinaci\u00f3n con la Secretar\u00eda de la Defensa Nacional (DEFENSA) y la Polic\u00eda Estatal de Seguridad P\u00fablica (PESP), ejecut\u00f3 una orden de aprehensi\u00f3n en contra de Jes\u00fas Gilberto &#8220;N&#8221;, alias \u201cChuy\u201d, de 25 a\u00f1os, se\u00f1alado como probable responsable del delito de desaparici\u00f3n cometida por particulares en agravio de Jes\u00fas Ram\u00f3n &#8220;N&#8221;, de 22 a\u00f1os.<\/p>\n<p>El operativo tuvo lugar en la calle 5 de Febrero, en el Ejido Mora Villalobos, conocido como Campo 29, municipio de Cajeme, Sonora, en cuyo predio hay un hoyo en el cual se escond\u00eda y donde pretend\u00eda evitar la captura.<\/p>\n<p>El imputado fue detenido el pasado 5 de abril de 2025, tras los hechos ocurridos el 25 de marzo del a\u00f1o en curso, cuando la v\u00edctima fue sustra\u00edda de su domicilio presuntamente por el ahora imputado y tres masculinos m\u00e1s, quienes portaban armas de fuego.<\/p>\n<p>La v\u00edctima fue trasladada al ejido Atotonilco, en B\u00e1cum, donde fue torturada mediante descargas el\u00e9ctricas, quemaduras y golpes con la culata de un rifle, mientras era cuestionada sobre supuestas actividades relacionadas con la venta de droga.<\/p>\n<p>Tras las agresiones, fue dejada en libertad; sin embargo, los hechos constituyen el delito de desaparici\u00f3n cometida por particulares.<\/p>\n<p>El imputado, quien se ha establecido forma parte del grupo delictivo que opera en la zona, fue puesto a disposici\u00f3n del Juez correspondiente y posteriormente internado en el Centro de Reinserci\u00f3n Social (CERESO) de Ciudad Obreg\u00f3n.<\/p>\n<p>Este caso refrenda el compromiso de la Fiscal\u00eda General de Justicia del Estado de Sonora (FGJES) con la procuraci\u00f3n de justicia y la lucha contra los grupos delictivos que atentan contra la integridad y libertad de las personas.<\/p>\n","protected":false},"excerpt":{"rendered":"<p>Cajeme, Sonora, 9 de abril de 2025.- Elementos de la Agencia Ministerial de Investigaci\u00f3n Criminal (AMIC) en coordinaci\u00f3n con la Secretar\u00eda de la Defensa Nacional (DEFENSA) y la Polic\u00eda Estatal de Seguridad P\u00fablica (PESP), ejecut\u00f3 una orden de aprehensi\u00f3n en contra de Jes\u00fas Gilberto &#8220;N&#8221;, alias \u201cChuy\u201d, de 25 a\u00f1os, se\u00f1alado como probable responsable del [&hellip;]<\/p>\n","protected":false},"author":2,"featured_media":214505,"comment_status":"closed","ping_status":"closed","sticky":false,"template":"","format":"standard","meta":{"footnotes":""},"categories":[12870,174],"tags":[12865,12873],"class_list":["post-214504","post","type-post","status-publish","format-standard","has-post-thumbnail","hentry","category-destacadas","category-estatal","tag-destacadas","tag-estatal"],"jetpack_featured_media_url":"https:\/\/rnoticias.com.mx\/Portal\/wp-content\/uploads\/2025\/04\/d21704ea-56f3-42aa-aeb9-d0383ec5cf97.jpg","amp_enabled":true,"_links":{"self":[{"href":"https:\/\/rnoticias.com.mx\/Portal\/wp-json\/wp\/v2\/posts\/214504","targetHints":{"allow":["GET"]}}],"collection":[{"href":"https:\/\/rnoticias.com.mx\/Portal\/wp-json\/wp\/v2\/posts"}],"about":[{"href":"https:\/\/rnoticias.com.mx\/Portal\/wp-json\/wp\/v2\/types\/post"}],"author":[{"embeddable":true,"href":"https:\/\/rnoticias.com.mx\/Portal\/wp-json\/wp\/v2\/users\/2"}],"replies":[{"embeddable":true,"href":"https:\/\/rnoticias.com.mx\/Portal\/wp-json\/wp\/v2\/comments?post=214504"}],"version-history":[{"count":1,"href":"https:\/\/rnoticias.com.mx\/Portal\/wp-json\/wp\/v2\/posts\/214504\/revisions"}],"predecessor-version":[{"id":214506,"href":"https:\/\/rnoticias.com.mx\/Portal\/wp-json\/wp\/v2\/posts\/214504\/revisions\/214506"}],"wp:featuredmedia":[{"embeddable":true,"href":"https:\/\/rnoticias.com.mx\/Portal\/wp-json\/wp\/v2\/media\/214505"}],"wp:attachment":[{"href":"https:\/\/rnoticias.com.mx\/Portal\/wp-json\/wp\/v2\/media?parent=214504"}],"wp:term":[{"taxonomy":"category","embeddable":true,"href":"https:\/\/rnoticias.com.mx\/Portal\/wp-json\/wp\/v2\/categories?post=214504"},{"taxonomy":"post_tag","embeddable":true,"href":"https:\/\/rnoticias.com.mx\/Portal\/wp-json\/wp\/v2\/tags?post=214504"}],"curies":[{"name":"wp","href":"https:\/\/api.w.org\/{rel}","templated":true}]}}