{"id":214498,"date":"2025-04-09T22:30:56","date_gmt":"2025-04-09T22:30:56","guid":{"rendered":"https:\/\/rnoticias.com.mx\/Portal\/?p=214498"},"modified":"2025-04-09T22:30:56","modified_gmt":"2025-04-09T22:30:56","slug":"gobierno-de-sonora-presenta-programa-de-actividades-de-semana-santa-en-el-bosque-urbano-la-sauceda","status":"publish","type":"post","link":"https:\/\/rnoticias.com.mx\/Portal\/2025\/04\/09\/gobierno-de-sonora-presenta-programa-de-actividades-de-semana-santa-en-el-bosque-urbano-la-sauceda\/","title":{"rendered":"Gobierno de Sonora presenta programa de actividades de Semana Santa en el Bosque Urbano La Sauceda"},"content":{"rendered":"<p>Hermosillo, Sonora; 9 de abril de 2025.- Con el prop\u00f3sito de promover el encuentro comunitario y el aprovechamiento responsable de los espacios p\u00fablicos, se present\u00f3 el programa de actividades que se llevar\u00e1n a cabo durante el periodo vacacional de Semana Santa en el Bosque Urbano La Sauceda.<\/p>\n<p>La presentaci\u00f3n estuvo a cargo de Jes\u00fas Madrid del R\u00edo, director general del Bosque Urbano La Sauceda, quien destac\u00f3 que la agenda contempla actividades art\u00edsticas, culturales, musicales y recreativas para todas las edades, con el objetivo de fortalecer el v\u00ednculo entre la ciudadan\u00eda y el entorno natural.<\/p>\n<p>Entre los eventos programados destacan los Domingos Chill con voces de trova, que incluir\u00e1n presentaciones musicales como el Tributo a Silvio Rodr\u00edguez, a cargo de Pancho Jaime y el Quinteto Pitic, as\u00ed como la participaci\u00f3n del trovador Jorge Trewartha. Tambi\u00e9n se ofrecer\u00e1n talleres y din\u00e1micas infantiles, como Pinceladas en el humedal y el Taller de arte infantil, adem\u00e1s de recorridos guiados por el humedal para conocer la biodiversidad del bosque.<\/p>\n<p>Durante el mes de abril continuar\u00e1 el Taller de cer\u00e1mica, reafirmando el compromiso del Bosque Urbano La Sauceda con el bienestar social y ambiental de la regi\u00f3n.<\/p>\n<p>Los horarios de apertura durante estas fechas ser\u00e1n los siguientes: viernes, de 16:00 a 21:00 horas; s\u00e1bados y domingos, de 09:00 a 21:00 horas. Las atracciones estar\u00e1n disponibles los viernes de 16:00 a 20:00 horas, y s\u00e1bados y domingos de 11:00 a 20:00 horas.<\/p>\n<p>El calendario completo de actividades ser\u00e1 compartido a trav\u00e9s de las redes sociales oficiales del Bosque Urbano La Sauceda.<\/p>\n","protected":false},"excerpt":{"rendered":"<p>Hermosillo, Sonora; 9 de abril de 2025.- Con el prop\u00f3sito de promover el encuentro comunitario y el aprovechamiento responsable de los espacios p\u00fablicos, se present\u00f3 el programa de actividades que se llevar\u00e1n a cabo durante el periodo vacacional de Semana Santa en el Bosque Urbano La Sauceda. La presentaci\u00f3n estuvo a cargo de Jes\u00fas Madrid [&hellip;]<\/p>\n","protected":false},"author":2,"featured_media":214499,"comment_status":"closed","ping_status":"closed","sticky":false,"template":"","format":"standard","meta":{"footnotes":""},"categories":[12870,178],"tags":[12865,12869],"class_list":["post-214498","post","type-post","status-publish","format-standard","has-post-thumbnail","hentry","category-destacadas","category-local","tag-destacadas","tag-local"],"jetpack_featured_media_url":"https:\/\/rnoticias.com.mx\/Portal\/wp-content\/uploads\/2025\/04\/unnamed-1-18.jpg","amp_enabled":true,"_links":{"self":[{"href":"https:\/\/rnoticias.com.mx\/Portal\/wp-json\/wp\/v2\/posts\/214498","targetHints":{"allow":["GET"]}}],"collection":[{"href":"https:\/\/rnoticias.com.mx\/Portal\/wp-json\/wp\/v2\/posts"}],"about":[{"href":"https:\/\/rnoticias.com.mx\/Portal\/wp-json\/wp\/v2\/types\/post"}],"author":[{"embeddable":true,"href":"https:\/\/rnoticias.com.mx\/Portal\/wp-json\/wp\/v2\/users\/2"}],"replies":[{"embeddable":true,"href":"https:\/\/rnoticias.com.mx\/Portal\/wp-json\/wp\/v2\/comments?post=214498"}],"version-history":[{"count":1,"href":"https:\/\/rnoticias.com.mx\/Portal\/wp-json\/wp\/v2\/posts\/214498\/revisions"}],"predecessor-version":[{"id":214500,"href":"https:\/\/rnoticias.com.mx\/Portal\/wp-json\/wp\/v2\/posts\/214498\/revisions\/214500"}],"wp:featuredmedia":[{"embeddable":true,"href":"https:\/\/rnoticias.com.mx\/Portal\/wp-json\/wp\/v2\/media\/214499"}],"wp:attachment":[{"href":"https:\/\/rnoticias.com.mx\/Portal\/wp-json\/wp\/v2\/media?parent=214498"}],"wp:term":[{"taxonomy":"category","embeddable":true,"href":"https:\/\/rnoticias.com.mx\/Portal\/wp-json\/wp\/v2\/categories?post=214498"},{"taxonomy":"post_tag","embeddable":true,"href":"https:\/\/rnoticias.com.mx\/Portal\/wp-json\/wp\/v2\/tags?post=214498"}],"curies":[{"name":"wp","href":"https:\/\/api.w.org\/{rel}","templated":true}]}}