{"id":214495,"date":"2025-04-09T22:30:04","date_gmt":"2025-04-09T22:30:04","guid":{"rendered":"https:\/\/rnoticias.com.mx\/Portal\/?p=214495"},"modified":"2025-04-09T22:30:04","modified_gmt":"2025-04-09T22:30:04","slug":"aprueba-iee-sonora-candidaturas-para-eleccion-del-poder-judicial-local","status":"publish","type":"post","link":"https:\/\/rnoticias.com.mx\/Portal\/2025\/04\/09\/aprueba-iee-sonora-candidaturas-para-eleccion-del-poder-judicial-local\/","title":{"rendered":"Aprueba IEE Sonora candidaturas para elecci\u00f3n del Poder Judicial Local"},"content":{"rendered":"<p class=\"x_MsoNormal\"><span lang=\"es\" data-olk-copy-source=\"MessageBody\">El Consejo General del Instituto Estatal Electoral y de Participaci\u00f3n Ciudadana (IEE Sonora) aprob\u00f3 8 candidaturas para integrar el Pleno del Supremo Tribunal de Justicia, 16 para el Tribunal de Disciplina Judicial y 9 para los Tribunales Colegiados Regionales de Circuito, en el marco del Proceso Electoral Extraordinario del Poder Judicial Local 2025. Con ello, se autoriza el inicio de la impresi\u00f3n de las boletas electorales que corresponden a dichas elecciones y que se utilizar\u00e1n en la jornada del pr\u00f3ximo 1 de junio.<\/span><\/p>\n<p class=\"x_MsoNormal\"><span lang=\"es\">En sesi\u00f3n extraordinaria, las consejeras y consejeros electorales validaron el cumplimiento del procedimiento de verificaci\u00f3n establecido tras la recepci\u00f3n de los listados finales por parte del Congreso local el pasado 20 de marzo bajo el n\u00famero de oficio CES-PRES\/0181\/2025.\u00a0 El env\u00edo incluy\u00f3 los listados de personas postuladas por los tres Poderes del Estado, expedientes electr\u00f3nicos, escritos de declinaci\u00f3n y la lista de personas juzgadoras en funciones.<\/span><\/p>\n<p class=\"x_MsoNormal\"><span lang=\"es\">Adem\u00e1s, se dio a conocer que contin\u00faa en curso el procedimiento de verificaci\u00f3n para las candidaturas a juezas y jueces del Poder Judicial del Estado. Una vez concluido, el Consejo General someter\u00e1 a aprobaci\u00f3n dichos registros en una sesi\u00f3n posterior.<\/span><\/p>\n<p class=\"x_MsoNormal\"><span lang=\"es\">El Congreso local fue la autoridad responsable de conducir el procedimiento de registro de candidaturas para los cargos judiciales, en coordinaci\u00f3n con los Poderes Ejecutivo y Judicial. A trav\u00e9s de Comit\u00e9s de Evaluaci\u00f3n, se realizaron etapas como recepci\u00f3n de documentos, entrevistas, an\u00e1lisis y verificaci\u00f3n del cumplimiento de los requisitos legales. Una vez concluido el proceso, se remitieron al IEE Sonora los listados definitivos, los cuales fueron verificados por este organismo y se encuentran organizados por cargo, g\u00e9nero (iniciando con las candidaturas femeninas) y en orden alfab\u00e9tico.<\/span><\/p>\n<p class=\"x_MsoNormal\"><span lang=\"es\">De los listados recibidos, se advierte que, no hay postulaciones de personas que actualmente ejercen como magistradas o magistrados del Supremo Tribunal de Justicia, ni de los Tribunales Colegiados Regionales de Circuito. En el caso del Tribunal de Disciplina Judicial, al ser un \u00f3rgano de reciente creaci\u00f3n, no existen personas juzgadoras en funciones.<\/span><\/p>\n<p class=\"x_MsoNormal\"><span lang=\"es\">Asimismo, se verific\u00f3 el cumplimiento del criterio legal que permite a cada Poder postular hasta dos personas por cargo. Esta verificaci\u00f3n se dej\u00f3 asentada en un Acta circunstanciada de oficial\u00eda electoral, firmada por el Secretario Ejecutivo del IEE Sonora, Fernando Chapetti Siordia. Por tal motivo, se determin\u00f3 que, no era necesario aplicar el procedimiento de insaculaci\u00f3n previamente aprobado por el Consejo General.<\/span><\/p>\n<p class=\"x_MsoNormal\"><span lang=\"es\">En cuanto al dise\u00f1o de las boletas electorales, se estableci\u00f3 que los nombres de las personas candidatas aparecer\u00e1n en letras may\u00fasculas y sin acentos. La Secretar\u00eda Ejecutiva del IEE Sonora coordinar\u00e1 la revisi\u00f3n de esta informaci\u00f3n con las direcciones ejecutivas correspondientes. Cabe se\u00f1alar que, no se har\u00e1n cambios a las boletas ya impresas en caso de sustituciones o cancelaciones.<\/span><\/p>\n<h3><a name=\"x__az607uuy4b37\"><\/a><b><span lang=\"es\">Aprueban Lineamientos y Cat\u00e1logo de infracciones para el PEEPJL 2025<\/span><\/b><\/h3>\n<p class=\"x_MsoNormal\"><span lang=\"es\">El Consejo General aprob\u00f3 los Lineamientos y el Cat\u00e1logo de infracciones que regir\u00e1n el PEEPJL 2025, entre los que destaca que, las personas candidatas podr\u00e1n participar en foros de debate gratuitos, organizados por el IEE Sonora o por organismos de los sectores p\u00fablico, privado o social, siempre en condiciones de equidad. Los actos de campa\u00f1a se limitan a la difusi\u00f3n de trayectorias, m\u00e9ritos, propuestas y visiones sobre la impartici\u00f3n de justicia, respetando la libertad de expresi\u00f3n.<\/span><\/p>\n<p class=\"x_MsoNormal\"><span lang=\"es\">En el apartado de prohibiciones estrictas<\/span><span lang=\"es\">\u00a0se tiene el financiamiento p\u00fablico o privado de campa\u00f1a, la contrataci\u00f3n de espacios en medios (radio, TV, impresos, digitales) por parte de personas candidatas o terceros, el proselitismo o manifestaciones p\u00fablicas a favor o en contra de candidaturas por partidos pol\u00edticos o personas servidoras p\u00fablica, el uso de recursos p\u00fablicos o programas sociales con fines electorales, la entrega de bienes o servicios que impliquen un beneficio directo o indirecto a la ciudadan\u00eda y la difusi\u00f3n de encuestas o sondeos en los tres d\u00edas previos a la jornada electoral.<\/span><\/p>\n<p class=\"x_MsoNormal\"><span lang=\"es\">En caso de incurrir en alguno de estos supuestos podr\u00e1n ser sancionadas: las personas candidatas, los partidos pol\u00edticos, servidores p\u00fablicos, dirigentes y afiliados a partidos, personas observadoras electorales, concesionarios de radio y televisi\u00f3n y cualquier persona f\u00edsica o moral. El\u00a0Procedimiento sancionador\u00a0establece que ser\u00e1n tramitados por la Direcci\u00f3n Ejecutiva de Asuntos Jur\u00eddicos y la Comisi\u00f3n Permanente de Denuncias (CPD) del IEE Sonora.<\/span><\/p>\n<h4><a name=\"x__656k2l25m6n7\"><\/a><b><span lang=\"es\">Insaculaci\u00f3n en caso de exceso de postulaciones<\/span><\/b><\/h4>\n<p class=\"x_MsoNormal\"><span lang=\"es\">Finalmente, se aprob\u00f3 el Procedimiento de insaculaci\u00f3n que ser\u00e1 implementado \u00fanicamente en caso de que, en listados futuros \u2014como los correspondientes a juezas y jueces del Poder Judicial\u2014, se advierta un n\u00famero superior de postulaciones al permitido por cada Poder.<\/span><\/p>\n<p class=\"x_MsoNormal\"><span lang=\"es\">Este procedimiento, a realizarse en sesi\u00f3n extraordinaria p\u00fablica y transmitida en vivo, contempla el uso de un \u00e1nfora transparente con sobres que contengan el nombre, cargo y Poder proponente de cada candidatura. En caso de duplicidades o triplicidades, se dar\u00e1 prioridad a las personas postuladas por un solo Poder, y se extraer\u00e1n aleatoriamente los sobres hasta cumplir con el l\u00edmite establecido.<\/span><\/p>\n<p class=\"x_MsoNormal\"><span lang=\"es\">Este mecanismo garantiza condiciones de equidad, transparencia y legalidad, fortaleciendo la confianza ciudadana en el proceso electoral judicial.<\/span><\/p>\n<p class=\"x_MsoNormal\"><span lang=\"es\">En la sesi\u00f3n estuvieron presentes el consejero presidente, Nery Ruiz Arvizu, la consejera electoral Linda Viridiana Calder\u00f3n Monta\u00f1o, los consejeros Benjam\u00edn Hern\u00e1ndez Avalos y Wilfredo Rom\u00e1n Morales Silva y el secretario ejecutivo, Fernando Chapetti Siordia; de manera virtual la consejera Alma Lorena Alonso Valdivia, Flor Terecita Barcel\u00f3 Noriega y Jaime Olea Miranda.<\/span><\/p>\n","protected":false},"excerpt":{"rendered":"<p>El Consejo General del Instituto Estatal Electoral y de Participaci\u00f3n Ciudadana (IEE Sonora) aprob\u00f3 8 candidaturas para integrar el Pleno del Supremo Tribunal de Justicia, 16 para el Tribunal de Disciplina Judicial y 9 para los Tribunales Colegiados Regionales de Circuito, en el marco del Proceso Electoral Extraordinario del Poder Judicial Local 2025. Con ello, [&hellip;]<\/p>\n","protected":false},"author":2,"featured_media":214496,"comment_status":"closed","ping_status":"closed","sticky":false,"template":"","format":"standard","meta":{"footnotes":""},"categories":[12870,178],"tags":[12865,12869],"class_list":["post-214495","post","type-post","status-publish","format-standard","has-post-thumbnail","hentry","category-destacadas","category-local","tag-destacadas","tag-local"],"jetpack_featured_media_url":"https:\/\/rnoticias.com.mx\/Portal\/wp-content\/uploads\/2025\/04\/Sesion-9-de-abril.jpg","amp_enabled":true,"_links":{"self":[{"href":"https:\/\/rnoticias.com.mx\/Portal\/wp-json\/wp\/v2\/posts\/214495","targetHints":{"allow":["GET"]}}],"collection":[{"href":"https:\/\/rnoticias.com.mx\/Portal\/wp-json\/wp\/v2\/posts"}],"about":[{"href":"https:\/\/rnoticias.com.mx\/Portal\/wp-json\/wp\/v2\/types\/post"}],"author":[{"embeddable":true,"href":"https:\/\/rnoticias.com.mx\/Portal\/wp-json\/wp\/v2\/users\/2"}],"replies":[{"embeddable":true,"href":"https:\/\/rnoticias.com.mx\/Portal\/wp-json\/wp\/v2\/comments?post=214495"}],"version-history":[{"count":1,"href":"https:\/\/rnoticias.com.mx\/Portal\/wp-json\/wp\/v2\/posts\/214495\/revisions"}],"predecessor-version":[{"id":214497,"href":"https:\/\/rnoticias.com.mx\/Portal\/wp-json\/wp\/v2\/posts\/214495\/revisions\/214497"}],"wp:featuredmedia":[{"embeddable":true,"href":"https:\/\/rnoticias.com.mx\/Portal\/wp-json\/wp\/v2\/media\/214496"}],"wp:attachment":[{"href":"https:\/\/rnoticias.com.mx\/Portal\/wp-json\/wp\/v2\/media?parent=214495"}],"wp:term":[{"taxonomy":"category","embeddable":true,"href":"https:\/\/rnoticias.com.mx\/Portal\/wp-json\/wp\/v2\/categories?post=214495"},{"taxonomy":"post_tag","embeddable":true,"href":"https:\/\/rnoticias.com.mx\/Portal\/wp-json\/wp\/v2\/tags?post=214495"}],"curies":[{"name":"wp","href":"https:\/\/api.w.org\/{rel}","templated":true}]}}