{"id":214492,"date":"2025-04-09T20:34:57","date_gmt":"2025-04-09T20:34:57","guid":{"rendered":"https:\/\/rnoticias.com.mx\/Portal\/?p=214492"},"modified":"2025-04-09T20:34:57","modified_gmt":"2025-04-09T20:34:57","slug":"imputado-jesus-guillermo-n-por-feminicidio-de-ana-obdulia-n-en-nogales","status":"publish","type":"post","link":"https:\/\/rnoticias.com.mx\/Portal\/2025\/04\/09\/imputado-jesus-guillermo-n-por-feminicidio-de-ana-obdulia-n-en-nogales\/","title":{"rendered":"Imputado Jes\u00fas Guillermo \u201cN\u201d por feminicidio de Ana Obdulia \u201cN\u201d en Nogales"},"content":{"rendered":"<p>Nogales, Sonora, 9 de abril de 2025.- Con s\u00f3lidos datos de prueba, la Fiscal\u00eda General de Justicia del Estado de Sonora (FGJES) realiz\u00f3 la imputaci\u00f3n en contra de Jes\u00fas Guillermo \u201cN\u201d, de 28 a\u00f1os, por el delito de feminicidio en agravio de Ana Obdulia \u201cN\u201d, de 63, tras ser detenido por la Agencia Ministerial de Investigaci\u00f3n Criminal (AMIC) en menos de 24 horas de los hechos, ocurridos en Nogales, Sonora.<\/p>\n<p>La carpeta de investigaci\u00f3n establece que el pasado 3 de abril, aproximadamente a las 17:52 horas, el imputado presuntamente ingres\u00f3 al domicilio de la v\u00edctima, ubicado en la colonia Jardines del Bosque, en esta ciudad fronteriza, y aprovech\u00e1ndose de su estado de indefensi\u00f3n, la atac\u00f3 de manera directa y violenta.<\/p>\n<p>Durante la agresi\u00f3n, el sujeto someti\u00f3 f\u00edsicamente a la mujer, a quien se presume asfixi\u00f3 con sus manos y posteriormente utiliz\u00f3 un arma blanca para provocarle m\u00faltiples lesiones punzocortantes en cuello y hemit\u00f3rax, que le causaron la muerte en el lugar.<\/p>\n<p>Fue detenido en menos de 24 horas por elementos de la Agencia Ministerial de Investigaci\u00f3n Criminal (AMIC), por diversos delitos, y el pasado 7 de abril se cumpli\u00f3 con la orden de aprehensi\u00f3n en su contra por el delito de feminicidio, por reclusi\u00f3n en el Centro de Reinserci\u00f3n Social (CERESO) de Nogales.<\/p>\n<p>Durante audiencia inicial, el Ministerio P\u00fablico formul\u00f3 imputaci\u00f3n y solicit\u00f3 la vinculaci\u00f3n a proceso, pero la defensa extendi\u00f3 el plazo a 144 horas para su resoluci\u00f3n. En este caso, se actu\u00f3 con eficacia, prontitud y rigor t\u00e9cnico-jur\u00eddico para que el responsable enfrente su proceso penal conforme a Derecho.<\/p>\n<p>La defensa solicit\u00f3 una valoraci\u00f3n psiqui\u00e1trica del imputado, misma que fue declarada improcedente por el Juez, al existir un dictamen m\u00e9dico que acredita su adecuada orientaci\u00f3n neurol\u00f3gica y porque no se corri\u00f3 traslado previo.<\/p>\n<p>La Fiscal\u00eda General de Justicia del Estado de Sonora (FGJES) refrenda su compromiso con las v\u00edctimas y sus familias, y continuar\u00e1 con el desarrollo puntual de las diligencias correspondientes para robustecer la investigaci\u00f3n y garantizar el acceso a la justicia con una perspectiva de g\u00e9nero.<\/p>\n","protected":false},"excerpt":{"rendered":"<p>Nogales, Sonora, 9 de abril de 2025.- Con s\u00f3lidos datos de prueba, la Fiscal\u00eda General de Justicia del Estado de Sonora (FGJES) realiz\u00f3 la imputaci\u00f3n en contra de Jes\u00fas Guillermo \u201cN\u201d, de 28 a\u00f1os, por el delito de feminicidio en agravio de Ana Obdulia \u201cN\u201d, de 63, tras ser detenido por la Agencia Ministerial de [&hellip;]<\/p>\n","protected":false},"author":2,"featured_media":214493,"comment_status":"closed","ping_status":"closed","sticky":false,"template":"","format":"standard","meta":{"footnotes":""},"categories":[12870,174],"tags":[12865,12873],"class_list":["post-214492","post","type-post","status-publish","format-standard","has-post-thumbnail","hentry","category-destacadas","category-estatal","tag-destacadas","tag-estatal"],"jetpack_featured_media_url":"https:\/\/rnoticias.com.mx\/Portal\/wp-content\/uploads\/2025\/04\/a8aa12b7-5c5f-43cb-b353-8a804a3fded2.jpg","amp_enabled":true,"_links":{"self":[{"href":"https:\/\/rnoticias.com.mx\/Portal\/wp-json\/wp\/v2\/posts\/214492","targetHints":{"allow":["GET"]}}],"collection":[{"href":"https:\/\/rnoticias.com.mx\/Portal\/wp-json\/wp\/v2\/posts"}],"about":[{"href":"https:\/\/rnoticias.com.mx\/Portal\/wp-json\/wp\/v2\/types\/post"}],"author":[{"embeddable":true,"href":"https:\/\/rnoticias.com.mx\/Portal\/wp-json\/wp\/v2\/users\/2"}],"replies":[{"embeddable":true,"href":"https:\/\/rnoticias.com.mx\/Portal\/wp-json\/wp\/v2\/comments?post=214492"}],"version-history":[{"count":1,"href":"https:\/\/rnoticias.com.mx\/Portal\/wp-json\/wp\/v2\/posts\/214492\/revisions"}],"predecessor-version":[{"id":214494,"href":"https:\/\/rnoticias.com.mx\/Portal\/wp-json\/wp\/v2\/posts\/214492\/revisions\/214494"}],"wp:featuredmedia":[{"embeddable":true,"href":"https:\/\/rnoticias.com.mx\/Portal\/wp-json\/wp\/v2\/media\/214493"}],"wp:attachment":[{"href":"https:\/\/rnoticias.com.mx\/Portal\/wp-json\/wp\/v2\/media?parent=214492"}],"wp:term":[{"taxonomy":"category","embeddable":true,"href":"https:\/\/rnoticias.com.mx\/Portal\/wp-json\/wp\/v2\/categories?post=214492"},{"taxonomy":"post_tag","embeddable":true,"href":"https:\/\/rnoticias.com.mx\/Portal\/wp-json\/wp\/v2\/tags?post=214492"}],"curies":[{"name":"wp","href":"https:\/\/api.w.org\/{rel}","templated":true}]}}