{"id":214489,"date":"2025-04-09T20:34:02","date_gmt":"2025-04-09T20:34:02","guid":{"rendered":"https:\/\/rnoticias.com.mx\/Portal\/?p=214489"},"modified":"2025-04-09T20:34:02","modified_gmt":"2025-04-09T20:34:02","slug":"turistas-prefieren-viajes-en-semana-santa-a-comunidades-rurales-e-indigenas-de-sonora-tour-operadores","status":"publish","type":"post","link":"https:\/\/rnoticias.com.mx\/Portal\/2025\/04\/09\/turistas-prefieren-viajes-en-semana-santa-a-comunidades-rurales-e-indigenas-de-sonora-tour-operadores\/","title":{"rendered":"Turistas prefieren viajes en Semana Santa a comunidades rurales e ind\u00edgenas de Sonora: Tour operadores"},"content":{"rendered":"<p>La Asociaci\u00f3n Sonorense de Tour Operadores, Gu\u00edas y Anfitriones Tur\u00edsticos, dieron a conocer que para este periodo de semana van a registrar un aumento de traslado de turistas a comunidades ind\u00edgenas y rurales en la entidad.<\/p>\n<p>&nbsp;<\/p>\n<p>Julio Cesar Rasc\u00f3n Torres, presidente de esa asociaci\u00f3n, se\u00f1al\u00f3 que para los d\u00edas m\u00e1s fuertes de Semana Santa que ser\u00e1 la pr\u00f3xima semana, estiman trasladar a entre 4 a 5 mil turistas principalmente a puntos rurales o ind\u00edgenas en Sonora y generando una derrama econ\u00f3mica de no menos de 60 millones de pesos.<\/p>\n<p>&nbsp;<\/p>\n<p><strong>\u00a0\u201cEl inter\u00e9s del turista son las comunidades rurales, ind\u00edgenas, porque las playas las tenemos cerca y podemos ir durante el a\u00f1o, pero ir a convivir, conocer nuevas culturas, sus tradiciones, la gastronom\u00eda del turismo rural, que ya han estado capacitados durante todo el a\u00f1o esos comerciantes, la verdad es que se va a dejar una gran derrama\u201d, afirm\u00f3.<\/strong><\/p>\n<p>&nbsp;<\/p>\n<p>Detall\u00f3, que los sitios a donde acudir\u00e1n en mayores cantidades con turistas son: la ruta a Y\u00e9cora, la ruta a Sahuaripa-Bacanora-Arivechi, la ruta del Novillo que es de Mazat\u00e1n-Matape-Villa Pesqueira y San Pedro de la Cueva, la ruta del R\u00edo Sonora, la ruta de la Sierra Alta con esa carretera de Bavispe a Agua Prieta y por donde baja mucho turista de Bisbee, Arizona.<\/p>\n<p>&nbsp;<\/p>\n<p>Finalmente, confi\u00f3 que en esta temporada alta en materia tur\u00edstica se superen las proyecciones hechas y resalt\u00f3 la coordinaci\u00f3n y el trabajo en equipo entre hoteleros, restauranteros, tour operadores, prestadores de servicios y la Secretar\u00eda de Turismo en Sonora, ya que entre todo han hecho una parte importante para atraer turistas y llevarlos a diferentes lugares de la entidad.<\/p>\n<p>&nbsp;<\/p>\n<p>&nbsp;<\/p>\n","protected":false},"excerpt":{"rendered":"<p>La Asociaci\u00f3n Sonorense de Tour Operadores, Gu\u00edas y Anfitriones Tur\u00edsticos, dieron a conocer que para este periodo de semana van a registrar un aumento de traslado de turistas a comunidades ind\u00edgenas y rurales en la entidad. &nbsp; Julio Cesar Rasc\u00f3n Torres, presidente de esa asociaci\u00f3n, se\u00f1al\u00f3 que para los d\u00edas m\u00e1s fuertes de Semana Santa [&hellip;]<\/p>\n","protected":false},"author":2,"featured_media":214490,"comment_status":"closed","ping_status":"closed","sticky":false,"template":"","format":"standard","meta":{"footnotes":""},"categories":[12870,174],"tags":[12865,12873],"class_list":["post-214489","post","type-post","status-publish","format-standard","has-post-thumbnail","hentry","category-destacadas","category-estatal","tag-destacadas","tag-estatal"],"jetpack_featured_media_url":"https:\/\/rnoticias.com.mx\/Portal\/wp-content\/uploads\/2025\/04\/202011301634245fc573709d654.png","amp_enabled":true,"_links":{"self":[{"href":"https:\/\/rnoticias.com.mx\/Portal\/wp-json\/wp\/v2\/posts\/214489","targetHints":{"allow":["GET"]}}],"collection":[{"href":"https:\/\/rnoticias.com.mx\/Portal\/wp-json\/wp\/v2\/posts"}],"about":[{"href":"https:\/\/rnoticias.com.mx\/Portal\/wp-json\/wp\/v2\/types\/post"}],"author":[{"embeddable":true,"href":"https:\/\/rnoticias.com.mx\/Portal\/wp-json\/wp\/v2\/users\/2"}],"replies":[{"embeddable":true,"href":"https:\/\/rnoticias.com.mx\/Portal\/wp-json\/wp\/v2\/comments?post=214489"}],"version-history":[{"count":1,"href":"https:\/\/rnoticias.com.mx\/Portal\/wp-json\/wp\/v2\/posts\/214489\/revisions"}],"predecessor-version":[{"id":214491,"href":"https:\/\/rnoticias.com.mx\/Portal\/wp-json\/wp\/v2\/posts\/214489\/revisions\/214491"}],"wp:featuredmedia":[{"embeddable":true,"href":"https:\/\/rnoticias.com.mx\/Portal\/wp-json\/wp\/v2\/media\/214490"}],"wp:attachment":[{"href":"https:\/\/rnoticias.com.mx\/Portal\/wp-json\/wp\/v2\/media?parent=214489"}],"wp:term":[{"taxonomy":"category","embeddable":true,"href":"https:\/\/rnoticias.com.mx\/Portal\/wp-json\/wp\/v2\/categories?post=214489"},{"taxonomy":"post_tag","embeddable":true,"href":"https:\/\/rnoticias.com.mx\/Portal\/wp-json\/wp\/v2\/tags?post=214489"}],"curies":[{"name":"wp","href":"https:\/\/api.w.org\/{rel}","templated":true}]}}