{"id":214486,"date":"2025-04-09T20:32:54","date_gmt":"2025-04-09T20:32:54","guid":{"rendered":"https:\/\/rnoticias.com.mx\/Portal\/?p=214486"},"modified":"2025-04-09T20:32:54","modified_gmt":"2025-04-09T20:32:54","slug":"hermosillo-alcanzara-los-45-grados-este-viernes-conagua","status":"publish","type":"post","link":"https:\/\/rnoticias.com.mx\/Portal\/2025\/04\/09\/hermosillo-alcanzara-los-45-grados-este-viernes-conagua\/","title":{"rendered":"Hermosillo alcanzar\u00e1 los 45 grados este viernes: Conagua"},"content":{"rendered":"<p>Las condiciones de calor van a continuar subiendo en las siguientes horas en Sonora e inclusive, la ciudad de Hermosillo se prepara para registrar una temperatura m\u00e1xima de al menos 45 grados cent\u00edgrados este viernes, reconoci\u00f3 la Comisi\u00f3n Nacional del Agua (Conagua).<\/p>\n<p>&nbsp;<\/p>\n<p>Gilberto Lagarda V\u00e1zquez, especialista t\u00e9cnico de Conagua, mencion\u00f3 que, desde este mi\u00e9rcoles al viernes, va a seguir el aumento de temperaturas y las cuales van a ser m\u00e1s calurosas durante el d\u00eda, pero frescas por las ma\u00f1anas y noches.<\/p>\n<p>&nbsp;<\/p>\n<p>\u201cSe espera todav\u00eda un incremento mayor para estos d\u00edas en las temperaturas en el estado, por lo que seguiremos con cielos despejados, temperaturas m\u00e1ximas entre los 35 a los 45 grados cent\u00edgrados en la parte centro y sur del estado y las m\u00ednimas entre cero a 15 grados en las zonas del norte y oriente de Sonora\u201d, declar\u00f3.<\/p>\n<p>&nbsp;<\/p>\n<p>Especific\u00f3 que los municipios donde se esperan los valores m\u00e1s altos de temperaturas son: San Luis R\u00edo Colorado con registros de los 37 a los 40 grados, Caborca de los 38 a los 40, Magdalena de Kino y Arizpe de los 38 a los 41, Moctezuma de los 38 a los 42, Ciudad Obreg\u00f3n de los 41 a los 43 y finalmente Hermosillo de los 40 a los 45 grados cent\u00edgrados.<\/p>\n<p>&nbsp;<\/p>\n","protected":false},"excerpt":{"rendered":"<p>Las condiciones de calor van a continuar subiendo en las siguientes horas en Sonora e inclusive, la ciudad de Hermosillo se prepara para registrar una temperatura m\u00e1xima de al menos 45 grados cent\u00edgrados este viernes, reconoci\u00f3 la Comisi\u00f3n Nacional del Agua (Conagua). &nbsp; Gilberto Lagarda V\u00e1zquez, especialista t\u00e9cnico de Conagua, mencion\u00f3 que, desde este mi\u00e9rcoles [&hellip;]<\/p>\n","protected":false},"author":2,"featured_media":214487,"comment_status":"closed","ping_status":"closed","sticky":false,"template":"","format":"standard","meta":{"footnotes":""},"categories":[12870,178],"tags":[12865,12869],"class_list":["post-214486","post","type-post","status-publish","format-standard","has-post-thumbnail","hentry","category-destacadas","category-local","tag-destacadas","tag-local"],"jetpack_featured_media_url":"https:\/\/rnoticias.com.mx\/Portal\/wp-content\/uploads\/2025\/04\/WhatsApp-Image-2024-06-12-at-4.41.30-PM-1024x768-1.jpeg","amp_enabled":true,"_links":{"self":[{"href":"https:\/\/rnoticias.com.mx\/Portal\/wp-json\/wp\/v2\/posts\/214486","targetHints":{"allow":["GET"]}}],"collection":[{"href":"https:\/\/rnoticias.com.mx\/Portal\/wp-json\/wp\/v2\/posts"}],"about":[{"href":"https:\/\/rnoticias.com.mx\/Portal\/wp-json\/wp\/v2\/types\/post"}],"author":[{"embeddable":true,"href":"https:\/\/rnoticias.com.mx\/Portal\/wp-json\/wp\/v2\/users\/2"}],"replies":[{"embeddable":true,"href":"https:\/\/rnoticias.com.mx\/Portal\/wp-json\/wp\/v2\/comments?post=214486"}],"version-history":[{"count":1,"href":"https:\/\/rnoticias.com.mx\/Portal\/wp-json\/wp\/v2\/posts\/214486\/revisions"}],"predecessor-version":[{"id":214488,"href":"https:\/\/rnoticias.com.mx\/Portal\/wp-json\/wp\/v2\/posts\/214486\/revisions\/214488"}],"wp:featuredmedia":[{"embeddable":true,"href":"https:\/\/rnoticias.com.mx\/Portal\/wp-json\/wp\/v2\/media\/214487"}],"wp:attachment":[{"href":"https:\/\/rnoticias.com.mx\/Portal\/wp-json\/wp\/v2\/media?parent=214486"}],"wp:term":[{"taxonomy":"category","embeddable":true,"href":"https:\/\/rnoticias.com.mx\/Portal\/wp-json\/wp\/v2\/categories?post=214486"},{"taxonomy":"post_tag","embeddable":true,"href":"https:\/\/rnoticias.com.mx\/Portal\/wp-json\/wp\/v2\/tags?post=214486"}],"curies":[{"name":"wp","href":"https:\/\/api.w.org\/{rel}","templated":true}]}}