{"id":214483,"date":"2025-04-09T20:32:18","date_gmt":"2025-04-09T20:32:18","guid":{"rendered":"https:\/\/rnoticias.com.mx\/Portal\/?p=214483"},"modified":"2025-04-09T20:32:18","modified_gmt":"2025-04-09T20:32:18","slug":"reitera-exigencia-union-de-usuarios-para-que-se-resuelva-crisis-de-agua-en-el-norte-de-hermosillo","status":"publish","type":"post","link":"https:\/\/rnoticias.com.mx\/Portal\/2025\/04\/09\/reitera-exigencia-union-de-usuarios-para-que-se-resuelva-crisis-de-agua-en-el-norte-de-hermosillo\/","title":{"rendered":"Reitera exigencia Uni\u00f3n de Usuarios para que se resuelva crisis de agua en el norte de Hermosillo"},"content":{"rendered":"<p>De nueva cuenta, la Uni\u00f3n de Usuarios de Hermosillo exige a las autoridades de los tres niveles de gobierno a que den soluci\u00f3n definitiva y favorable al abasto de agua para todo el sector norte de la capital sonorense.<\/p>\n<p>&nbsp;<\/p>\n<p>Ignacio Peinado Luna, dirigente de esa organizaci\u00f3n, asever\u00f3 que este nuevo llamado es con el fin de que el clamor de miles de familias del norte de Hermosillo es que ellos tambi\u00e9n cuenten con el abasto seguro de agua las 24 horas del d\u00eda tal cual ocurre con el resto de los sectores en la ciudad.<\/p>\n<p>&nbsp;<\/p>\n<p>\u201cEs necesario que en la mayor brevedad posible sea resuelta la problem\u00e1tica de desabasto de agua en la zona norte de la ciudad. Este es un caso que f\u00e1cilmente se ha pasado por los \u00faltimos 40 a\u00f1os y hasta la fecha no se ha logrado una soluci\u00f3n de fondo que satisfaga a miles de familias\u201d, declar\u00f3.<\/p>\n<p>&nbsp;<\/p>\n<p>Resalt\u00f3, que el proyecto del Bypass que realizar\u00e1 el Gobierno del Estado y la incorporaci\u00f3n de nuevos pozos son pasos positivos, pero al final no ser\u00e1n suficientes si no se atiende adecuadamente la infraestructura hidr\u00e1ulica, que actualmente ocasiona una p\u00e9rdida estimada del 50% del agua en la capital sonorense.<\/p>\n<p>&nbsp;<\/p>\n<p>De la misma forma, a\u00f1adi\u00f3 que ser\u00eda adecuado el que se pudiera construir una presa al poniente de Hermosillo para contener agua tratada, lo que podr\u00eda beneficiar tanto a la zona norte como a la Costa.<\/p>\n","protected":false},"excerpt":{"rendered":"<p>De nueva cuenta, la Uni\u00f3n de Usuarios de Hermosillo exige a las autoridades de los tres niveles de gobierno a que den soluci\u00f3n definitiva y favorable al abasto de agua para todo el sector norte de la capital sonorense. &nbsp; Ignacio Peinado Luna, dirigente de esa organizaci\u00f3n, asever\u00f3 que este nuevo llamado es con el [&hellip;]<\/p>\n","protected":false},"author":2,"featured_media":214484,"comment_status":"closed","ping_status":"closed","sticky":false,"template":"","format":"standard","meta":{"footnotes":""},"categories":[12870,178],"tags":[12865,12869],"class_list":["post-214483","post","type-post","status-publish","format-standard","has-post-thumbnail","hentry","category-destacadas","category-local","tag-destacadas","tag-local"],"jetpack_featured_media_url":"https:\/\/rnoticias.com.mx\/Portal\/wp-content\/uploads\/2025\/04\/agua_tandeo.jpg","amp_enabled":true,"_links":{"self":[{"href":"https:\/\/rnoticias.com.mx\/Portal\/wp-json\/wp\/v2\/posts\/214483","targetHints":{"allow":["GET"]}}],"collection":[{"href":"https:\/\/rnoticias.com.mx\/Portal\/wp-json\/wp\/v2\/posts"}],"about":[{"href":"https:\/\/rnoticias.com.mx\/Portal\/wp-json\/wp\/v2\/types\/post"}],"author":[{"embeddable":true,"href":"https:\/\/rnoticias.com.mx\/Portal\/wp-json\/wp\/v2\/users\/2"}],"replies":[{"embeddable":true,"href":"https:\/\/rnoticias.com.mx\/Portal\/wp-json\/wp\/v2\/comments?post=214483"}],"version-history":[{"count":1,"href":"https:\/\/rnoticias.com.mx\/Portal\/wp-json\/wp\/v2\/posts\/214483\/revisions"}],"predecessor-version":[{"id":214485,"href":"https:\/\/rnoticias.com.mx\/Portal\/wp-json\/wp\/v2\/posts\/214483\/revisions\/214485"}],"wp:featuredmedia":[{"embeddable":true,"href":"https:\/\/rnoticias.com.mx\/Portal\/wp-json\/wp\/v2\/media\/214484"}],"wp:attachment":[{"href":"https:\/\/rnoticias.com.mx\/Portal\/wp-json\/wp\/v2\/media?parent=214483"}],"wp:term":[{"taxonomy":"category","embeddable":true,"href":"https:\/\/rnoticias.com.mx\/Portal\/wp-json\/wp\/v2\/categories?post=214483"},{"taxonomy":"post_tag","embeddable":true,"href":"https:\/\/rnoticias.com.mx\/Portal\/wp-json\/wp\/v2\/tags?post=214483"}],"curies":[{"name":"wp","href":"https:\/\/api.w.org\/{rel}","templated":true}]}}