{"id":214480,"date":"2025-04-09T20:28:00","date_gmt":"2025-04-09T20:28:00","guid":{"rendered":"https:\/\/rnoticias.com.mx\/Portal\/?p=214480"},"modified":"2025-04-09T20:28:00","modified_gmt":"2025-04-09T20:28:00","slug":"capacita-ine-en-nogales-a-funcionarios-de-casilla-para-eleccion-judicial","status":"publish","type":"post","link":"https:\/\/rnoticias.com.mx\/Portal\/2025\/04\/09\/capacita-ine-en-nogales-a-funcionarios-de-casilla-para-eleccion-judicial\/","title":{"rendered":"Capacita INE en Nogales a funcionarios de casilla para elecci\u00f3n judicial"},"content":{"rendered":"<p>Autoridades de la Junta Distrital 02 con cabecera en Nogales, del Instituto Nacional Electoral (INE), capacitaron a quienes fungir\u00e1n como funcionarios de casilla en la pr\u00f3xima elecci\u00f3n judicial.<\/p>\n<p><strong>\u00a0<\/strong><\/p>\n<p>Andr\u00e9s Garc\u00eda V\u00e1zquez, vocal de Capacitaci\u00f3n Electoral y Educaci\u00f3n C\u00edvica distrital, se\u00f1al\u00f3 que llevaron a cabo un taller de capacitaci\u00f3n para decenas de supervisores y capacitadores asistentes electorales que formar\u00e1n parte de esa jornada electoral extraordinaria del 1 de junio del 2025 en donde se elegir\u00e1n a jueces y magistrados.<\/p>\n<p>&nbsp;<\/p>\n<p><strong>\u00a0\u201cHubo actividades como entrega de nombramientos a los ciudadanos que fueron sorteados y ya que van a saber que funciones van a desempe\u00f1ar como presidente o presidenta de casilla, secretarios, escrutadores o suplentes general\u201d, cont\u00f3.<\/strong><\/p>\n<p>&nbsp;<\/p>\n<p>Detall\u00f3, que posterior a la entrega de nombramientos, se hace la capacitaci\u00f3n y se programan simulacros con la finalidad que la sociedad participe y conozca que actividades van a desarrollar el d\u00eda de la jornada electoral.<\/p>\n<p>&nbsp;<\/p>\n<p>Finalmente mencion\u00f3, que la Junta Distrital 02 del INE Sonora, contempla a 11 municipios del norte del estado y por ese motivo a menos de 60 d\u00edas para esa elecci\u00f3n extraordinaria, se desea el poder dar a conocer todos los pormenores en los mecanismos y en los detalles de lo que ser\u00e1 esa elecci\u00f3n del 1 de junio siguiente.<\/p>\n<p>&nbsp;<\/p>\n","protected":false},"excerpt":{"rendered":"<p>Autoridades de la Junta Distrital 02 con cabecera en Nogales, del Instituto Nacional Electoral (INE), capacitaron a quienes fungir\u00e1n como funcionarios de casilla en la pr\u00f3xima elecci\u00f3n judicial. \u00a0 Andr\u00e9s Garc\u00eda V\u00e1zquez, vocal de Capacitaci\u00f3n Electoral y Educaci\u00f3n C\u00edvica distrital, se\u00f1al\u00f3 que llevaron a cabo un taller de capacitaci\u00f3n para decenas de supervisores y capacitadores [&hellip;]<\/p>\n","protected":false},"author":2,"featured_media":214481,"comment_status":"closed","ping_status":"closed","sticky":false,"template":"","format":"standard","meta":{"footnotes":""},"categories":[12870,174],"tags":[12865,12873],"class_list":["post-214480","post","type-post","status-publish","format-standard","has-post-thumbnail","hentry","category-destacadas","category-estatal","tag-destacadas","tag-estatal"],"jetpack_featured_media_url":"https:\/\/rnoticias.com.mx\/Portal\/wp-content\/uploads\/2025\/04\/CIyJ_Sonora-scaled.jpg","amp_enabled":true,"_links":{"self":[{"href":"https:\/\/rnoticias.com.mx\/Portal\/wp-json\/wp\/v2\/posts\/214480","targetHints":{"allow":["GET"]}}],"collection":[{"href":"https:\/\/rnoticias.com.mx\/Portal\/wp-json\/wp\/v2\/posts"}],"about":[{"href":"https:\/\/rnoticias.com.mx\/Portal\/wp-json\/wp\/v2\/types\/post"}],"author":[{"embeddable":true,"href":"https:\/\/rnoticias.com.mx\/Portal\/wp-json\/wp\/v2\/users\/2"}],"replies":[{"embeddable":true,"href":"https:\/\/rnoticias.com.mx\/Portal\/wp-json\/wp\/v2\/comments?post=214480"}],"version-history":[{"count":1,"href":"https:\/\/rnoticias.com.mx\/Portal\/wp-json\/wp\/v2\/posts\/214480\/revisions"}],"predecessor-version":[{"id":214482,"href":"https:\/\/rnoticias.com.mx\/Portal\/wp-json\/wp\/v2\/posts\/214480\/revisions\/214482"}],"wp:featuredmedia":[{"embeddable":true,"href":"https:\/\/rnoticias.com.mx\/Portal\/wp-json\/wp\/v2\/media\/214481"}],"wp:attachment":[{"href":"https:\/\/rnoticias.com.mx\/Portal\/wp-json\/wp\/v2\/media?parent=214480"}],"wp:term":[{"taxonomy":"category","embeddable":true,"href":"https:\/\/rnoticias.com.mx\/Portal\/wp-json\/wp\/v2\/categories?post=214480"},{"taxonomy":"post_tag","embeddable":true,"href":"https:\/\/rnoticias.com.mx\/Portal\/wp-json\/wp\/v2\/tags?post=214480"}],"curies":[{"name":"wp","href":"https:\/\/api.w.org\/{rel}","templated":true}]}}