{"id":214477,"date":"2025-04-09T20:27:06","date_gmt":"2025-04-09T20:27:06","guid":{"rendered":"https:\/\/rnoticias.com.mx\/Portal\/?p=214477"},"modified":"2025-04-09T20:27:06","modified_gmt":"2025-04-09T20:27:06","slug":"coordinaran-en-guaymas-importante-operativo-de-semana-santa-2025","status":"publish","type":"post","link":"https:\/\/rnoticias.com.mx\/Portal\/2025\/04\/09\/coordinaran-en-guaymas-importante-operativo-de-semana-santa-2025\/","title":{"rendered":"Coordinar\u00e1n en Guaymas importante operativo de Semana Santa 2025"},"content":{"rendered":"<p>Este viernes 11 de abril autoridades del ayuntamiento de Guaymas, dar\u00e1n el banderazo de inicio a su operativo de Semana Santa 2025, inform\u00f3 Jos\u00e9 \u00c1ngel Burruel mariscal.<\/p>\n<p>&nbsp;<\/p>\n<p>El responsable de la Unidad Municipal de Protecci\u00f3n civil, dio a conocer que este viernes con la presencia de la Alcaldesa Karla C\u00f3rdova y titulares de otras dependencias de los tres niveles de gobierno, se arrancar\u00e1 con ese operativo especial y en donde el objetivo es culminarlo con saldo blanco.<\/p>\n<p>&nbsp;<\/p>\n<p><strong>\u00a0\u201cYa hemos tenido algunas reuniones con seguridad p\u00fablica municipal, polic\u00eda estatal, SEDENA, SEMAR, Cruz Roja, Comisi\u00f3n Nacional de Emergencias y con todos los involucrados en cuestiones de seguridad publica y rescate. Ya estamos listos\u201d, afirm\u00f3. <\/strong><\/p>\n<p>&nbsp;<\/p>\n<p>Reiter\u00f3, que en este operativo de Semana Santa 2025 se destinar\u00e1 a un mayor n\u00famero de elementos para las playas de San Carlos por ser el sitio en donde se espera la presencia de miles de personas e igual se desplegar\u00e1 un esquema similar en Miramar y sin descuidar toda el \u00e1rea urbana.<\/p>\n<p>&nbsp;<\/p>\n<p>&nbsp;<\/p>\n","protected":false},"excerpt":{"rendered":"<p>Este viernes 11 de abril autoridades del ayuntamiento de Guaymas, dar\u00e1n el banderazo de inicio a su operativo de Semana Santa 2025, inform\u00f3 Jos\u00e9 \u00c1ngel Burruel mariscal. &nbsp; El responsable de la Unidad Municipal de Protecci\u00f3n civil, dio a conocer que este viernes con la presencia de la Alcaldesa Karla C\u00f3rdova y titulares de otras [&hellip;]<\/p>\n","protected":false},"author":2,"featured_media":214478,"comment_status":"closed","ping_status":"closed","sticky":false,"template":"","format":"standard","meta":{"footnotes":""},"categories":[12870,174],"tags":[12865,12873],"class_list":["post-214477","post","type-post","status-publish","format-standard","has-post-thumbnail","hentry","category-destacadas","category-estatal","tag-destacadas","tag-estatal"],"jetpack_featured_media_url":"https:\/\/rnoticias.com.mx\/Portal\/wp-content\/uploads\/2025\/04\/OPERATIVO-SANCARLOS-3-900x610-1.jpg","amp_enabled":true,"_links":{"self":[{"href":"https:\/\/rnoticias.com.mx\/Portal\/wp-json\/wp\/v2\/posts\/214477","targetHints":{"allow":["GET"]}}],"collection":[{"href":"https:\/\/rnoticias.com.mx\/Portal\/wp-json\/wp\/v2\/posts"}],"about":[{"href":"https:\/\/rnoticias.com.mx\/Portal\/wp-json\/wp\/v2\/types\/post"}],"author":[{"embeddable":true,"href":"https:\/\/rnoticias.com.mx\/Portal\/wp-json\/wp\/v2\/users\/2"}],"replies":[{"embeddable":true,"href":"https:\/\/rnoticias.com.mx\/Portal\/wp-json\/wp\/v2\/comments?post=214477"}],"version-history":[{"count":1,"href":"https:\/\/rnoticias.com.mx\/Portal\/wp-json\/wp\/v2\/posts\/214477\/revisions"}],"predecessor-version":[{"id":214479,"href":"https:\/\/rnoticias.com.mx\/Portal\/wp-json\/wp\/v2\/posts\/214477\/revisions\/214479"}],"wp:featuredmedia":[{"embeddable":true,"href":"https:\/\/rnoticias.com.mx\/Portal\/wp-json\/wp\/v2\/media\/214478"}],"wp:attachment":[{"href":"https:\/\/rnoticias.com.mx\/Portal\/wp-json\/wp\/v2\/media?parent=214477"}],"wp:term":[{"taxonomy":"category","embeddable":true,"href":"https:\/\/rnoticias.com.mx\/Portal\/wp-json\/wp\/v2\/categories?post=214477"},{"taxonomy":"post_tag","embeddable":true,"href":"https:\/\/rnoticias.com.mx\/Portal\/wp-json\/wp\/v2\/tags?post=214477"}],"curies":[{"name":"wp","href":"https:\/\/api.w.org\/{rel}","templated":true}]}}