{"id":214443,"date":"2025-04-09T18:18:23","date_gmt":"2025-04-09T18:18:23","guid":{"rendered":"https:\/\/rnoticias.com.mx\/Portal\/?p=214443"},"modified":"2025-04-09T18:18:23","modified_gmt":"2025-04-09T18:18:23","slug":"fomenta-gobierno-de-sonora-la-lectura-y-escritura-en-futuros-docentes-creson","status":"publish","type":"post","link":"https:\/\/rnoticias.com.mx\/Portal\/2025\/04\/09\/fomenta-gobierno-de-sonora-la-lectura-y-escritura-en-futuros-docentes-creson\/","title":{"rendered":"Fomenta Gobierno de Sonora la lectura y escritura en futuros docentes: Creson"},"content":{"rendered":"<p>Hermosillo, Sonora; 9 de abril de 2025.- Con entusiasmo y compromiso, estudiantes, docentes e investigadores del Centro Regional de Formaci\u00f3n Profesional Docente de Sonora (Creson) y de diversas instituciones de educaci\u00f3n superior participaron en la tercera edici\u00f3n del Festival de la Lectura y la Escritura Educativa.<\/p>\n<p>Luis Ernesto Flores Fontes, rector del Creson, destac\u00f3 que el evento forma parte del proyecto transversal de la instituci\u00f3n para promover la lectura y la escritura en el alumnado de las Escuelas Normales y de las unidades de la Universidad Pedag\u00f3gica Nacional ubicadas en Sonora.<\/p>\n<p>Destac\u00f3 que, a lo largo de sus tres ediciones, el festival se ha consolidado como un espacio para que las y los futuros profesionales de la educaci\u00f3n intercambien experiencias, profundicen en sus conocimientos y reflexionen en comunidad.<\/p>\n<p>\u201cLo que nos permiten la lectura y la escritura es jugar, crear, imaginar, romper, volar. Y todo eso se logra aqu\u00ed, en espacios como este festival\u201d, expres\u00f3 Flores Fontes.<\/p>\n<p>Durante la jornada, las y los estudiantes participaron en talleres y en diez mesas de trabajo, donde compartieron proyectos exitosos para el fomento de la lectura, adem\u00e1s de dialogar sobre el impacto y uso \u00e9tico de la inteligencia artificial en la escritura acad\u00e9mica.<\/p>\n<p>Adem\u00e1s de las unidades del Creson, el festival reuni\u00f3 a estudiantes y acad\u00e9micos de la Universidad de Sonora, El Colegio de Sonora, la Universidad Estatal de Sonora, la Escuela Normal de Ecatepec, la Escuela Normal de Educaci\u00f3n Especial del Estado de M\u00e9xico y el Centro de Estudios de Posgrado, lo que permiti\u00f3 enriquecer la experiencia.<\/p>\n","protected":false},"excerpt":{"rendered":"<p>Hermosillo, Sonora; 9 de abril de 2025.- Con entusiasmo y compromiso, estudiantes, docentes e investigadores del Centro Regional de Formaci\u00f3n Profesional Docente de Sonora (Creson) y de diversas instituciones de educaci\u00f3n superior participaron en la tercera edici\u00f3n del Festival de la Lectura y la Escritura Educativa. Luis Ernesto Flores Fontes, rector del Creson, destac\u00f3 que [&hellip;]<\/p>\n","protected":false},"author":2,"featured_media":214444,"comment_status":"closed","ping_status":"closed","sticky":false,"template":"","format":"standard","meta":{"footnotes":""},"categories":[12870,178],"tags":[12865,12869],"class_list":["post-214443","post","type-post","status-publish","format-standard","has-post-thumbnail","hentry","category-destacadas","category-local","tag-destacadas","tag-local"],"jetpack_featured_media_url":"https:\/\/rnoticias.com.mx\/Portal\/wp-content\/uploads\/2025\/04\/unnamed-3-2.jpg","amp_enabled":true,"_links":{"self":[{"href":"https:\/\/rnoticias.com.mx\/Portal\/wp-json\/wp\/v2\/posts\/214443","targetHints":{"allow":["GET"]}}],"collection":[{"href":"https:\/\/rnoticias.com.mx\/Portal\/wp-json\/wp\/v2\/posts"}],"about":[{"href":"https:\/\/rnoticias.com.mx\/Portal\/wp-json\/wp\/v2\/types\/post"}],"author":[{"embeddable":true,"href":"https:\/\/rnoticias.com.mx\/Portal\/wp-json\/wp\/v2\/users\/2"}],"replies":[{"embeddable":true,"href":"https:\/\/rnoticias.com.mx\/Portal\/wp-json\/wp\/v2\/comments?post=214443"}],"version-history":[{"count":1,"href":"https:\/\/rnoticias.com.mx\/Portal\/wp-json\/wp\/v2\/posts\/214443\/revisions"}],"predecessor-version":[{"id":214445,"href":"https:\/\/rnoticias.com.mx\/Portal\/wp-json\/wp\/v2\/posts\/214443\/revisions\/214445"}],"wp:featuredmedia":[{"embeddable":true,"href":"https:\/\/rnoticias.com.mx\/Portal\/wp-json\/wp\/v2\/media\/214444"}],"wp:attachment":[{"href":"https:\/\/rnoticias.com.mx\/Portal\/wp-json\/wp\/v2\/media?parent=214443"}],"wp:term":[{"taxonomy":"category","embeddable":true,"href":"https:\/\/rnoticias.com.mx\/Portal\/wp-json\/wp\/v2\/categories?post=214443"},{"taxonomy":"post_tag","embeddable":true,"href":"https:\/\/rnoticias.com.mx\/Portal\/wp-json\/wp\/v2\/tags?post=214443"}],"curies":[{"name":"wp","href":"https:\/\/api.w.org\/{rel}","templated":true}]}}