{"id":214431,"date":"2025-04-09T17:11:32","date_gmt":"2025-04-09T17:11:32","guid":{"rendered":"https:\/\/rnoticias.com.mx\/Portal\/?p=214431"},"modified":"2025-04-09T17:11:32","modified_gmt":"2025-04-09T17:11:32","slug":"integrantes-de-grupo-firme-le-dicen-no-a-los-corridos","status":"publish","type":"post","link":"https:\/\/rnoticias.com.mx\/Portal\/2025\/04\/09\/integrantes-de-grupo-firme-le-dicen-no-a-los-corridos\/","title":{"rendered":"Integrantes de Grupo Firme le dicen &#8220;no&#8221; a los corridos"},"content":{"rendered":"<p><mark><strong>&#8220;Nos ha ido muy bien cant\u00e1ndole al amor y no tenemos por qu\u00e9 cambiarlo&#8221;,<\/strong><\/mark>\u00a0declar\u00f3 Eduin Caz, vocalista de Grupo Firme, al abordar el tema de los narcocorridos durante una conferencia de prensa realizada este lunes en la Ciudad de M\u00e9xico.<\/p>\n<p>La agrupaci\u00f3n, creada por Jairo Corrales y Eduin Cazares en la ciudad de Tijuana, Baja California, en 2014, dej\u00f3 clara su postura: aunque reconocen el auge de los corridos en general,\u00a0<strong>no comparten la tendencia de promover violencia en sus letras.<\/strong><\/p>\n<p>&#8220;La m\u00fasica es amplia. Hay canciones para amar, para sufrir, para reclamar&#8230;\u00a0<mark><strong>todos los g\u00e9neros tienen un lugar, pero nosotros elegimos uno distinto<\/strong><\/mark>&#8220;, dijo Caz.<\/p>\n<p>Grupo Firme tambi\u00e9n celebr\u00f3 la iniciativa \u201cM\u00e9xico canta y encanta\u201d, presentada por la Presidenta de M\u00e9xico, que\u00a0<strong>busca impulsar el talento musical joven,<\/strong>\u00a0tanto en el pa\u00eds, como entre comunidades migrantes en Estados Unidos.\u00a0<mark><strong>El proyecto busca alejar a la juventud de entornos de violencia mediante la m\u00fasica.<\/strong><\/mark><\/p>\n<p><strong>&#8220;Para m\u00ed es un orgullo que me haya tomado en cuenta como empresario y como parte de la industria musical&#8221;,<\/strong>\u00a0expres\u00f3 Caz al referirse a su participaci\u00f3n en el proyecto.<\/p>\n<p>El grupo consider\u00f3 que dar oportunidades a j\u00f3venes con inquietudes art\u00edsticas puede marcar una diferencia importante en sus vidas:<\/p>\n<p>&#8220;Un artista, un deportista, un ingeniero&#8230; es una persona menos que est\u00e1 sin hacer nada y m\u00e1s\u00a0<mark><strong>dif\u00edcilmente caer\u00e1 en cosas que no est\u00e1n bien<\/strong><\/mark>&#8220;, coment\u00f3 Isael Guti\u00e9rrez, m\u00e1nager del grupo.<\/p>\n<p>&#8220;A nosotros la m\u00fasica nos cambi\u00f3 la vida. Si eso le puede pasar a m\u00e1s j\u00f3venes, adelante. Lo que se necesita es que no se cierren puertas&#8221;, agreg\u00f3. Tambi\u00e9n subrayaron que\u00a0<strong>est\u00e1n a favor de que se escuchen todos los estilos musicales<\/strong>, sin prohibiciones, pero defendieron el derecho de cada artista a elegir su mensaje.<\/p>\n<p>&#8220;No estamos en contra de nadie, pero s\u00ed\u00a0<mark><strong>tenemos claro qu\u00e9 queremos cantar y c\u00f3mo conectar con nuestra gente.<\/strong><\/mark>\u00a0Nosotros vamos por el amor, el desamor, la fiesta&#8230; cosas que vivimos todos&#8221;, dijo Eduin.<\/p>\n<h2>Nuevo \u00e1lbum<\/h2>\n<p>Adem\u00e1s de los conciertos del 27 y 28 de junio en el Estadio GNP como parte de su gira &#8220;La \u00faltima peda&#8221;, Grupo Firme\u00a0<mark><strong>comparti\u00f3 detalles sobre su nuevo \u00e1lbum titulado\u00a0<\/strong><\/mark><i><mark><strong>Evoluci\u00f3n<\/strong><\/mark><\/i>, una producci\u00f3n compuesta por 17 temas.<\/p>\n<p>&#8220;<strong>Las canciones fueron creadas en distintas etapas personales<\/strong>, lo que se refleja en la variedad de emociones que transmiten. Si andaba sufriendo, lloraba un ratito y compon\u00edamos. Si andaba enojado, se compon\u00eda diferente&#8221;, explic\u00f3 Eduin.<\/p>\n<p>El disco incluye g\u00e9neros como\u00a0<mark><strong>banda, norte\u00f1o, mezclas con guitarra el\u00e9ctrica y saxof\u00f3n.<\/strong><\/mark>\u00a0Sobre el estilo, dijeron que es un reflejo de su crecimiento como grupo y como personas.<\/p>\n<p>&#8220;Queremos que la gente lo escuche con una copa de vino, una caguama o un tequila.\u00a0<strong>Se lo van a saborear<\/strong>&#8220;, coment\u00f3 Caz.<\/p>\n<p>Tambi\u00e9n contaron que\u00a0<mark><strong>grabaron videoclips en escenarios internacionales<\/strong><\/mark>\u00a0como Par\u00eds, Venecia y el Coliseo de Roma, buscando mostrar una versi\u00f3n m\u00e1s cercana y divertida de ellos mismos.<\/p>\n<p>El disco cuenta con colaboraciones de artistas como\u00a0<strong>Gloria Trevi, Carolina Ross y Yosua Vela<\/strong>. Este \u00faltimo compuso el tema &#8220;La vida es pa\u2019 gozarla&#8221;, tras conversaciones personales con el vocalista.<\/p>\n<p>&#8220;Ya no es un sue\u00f1o. Esta es la realidad. Es el momento de marcar nuestra evoluci\u00f3n&#8221;, concluy\u00f3 Cazares.<\/p>\n","protected":false},"excerpt":{"rendered":"<p>&#8220;Nos ha ido muy bien cant\u00e1ndole al amor y no tenemos por qu\u00e9 cambiarlo&#8221;,\u00a0declar\u00f3 Eduin Caz, vocalista de Grupo Firme, al abordar el tema de los narcocorridos durante una conferencia de prensa realizada este lunes en la Ciudad de M\u00e9xico. La agrupaci\u00f3n, creada por Jairo Corrales y Eduin Cazares en la ciudad de Tijuana, Baja [&hellip;]<\/p>\n","protected":false},"author":2,"featured_media":214432,"comment_status":"closed","ping_status":"closed","sticky":false,"template":"","format":"standard","meta":{"footnotes":""},"categories":[12870,219],"tags":[12865,12875],"class_list":["post-214431","post","type-post","status-publish","format-standard","has-post-thumbnail","hentry","category-destacadas","category-espectaculos","tag-destacadas","tag-espectaculos"],"jetpack_featured_media_url":"https:\/\/rnoticias.com.mx\/Portal\/wp-content\/uploads\/2025\/04\/bb-esp-cover-grupo-firme-billboard-2022-bb12-koury-angelo-10-1260.webp","amp_enabled":true,"_links":{"self":[{"href":"https:\/\/rnoticias.com.mx\/Portal\/wp-json\/wp\/v2\/posts\/214431","targetHints":{"allow":["GET"]}}],"collection":[{"href":"https:\/\/rnoticias.com.mx\/Portal\/wp-json\/wp\/v2\/posts"}],"about":[{"href":"https:\/\/rnoticias.com.mx\/Portal\/wp-json\/wp\/v2\/types\/post"}],"author":[{"embeddable":true,"href":"https:\/\/rnoticias.com.mx\/Portal\/wp-json\/wp\/v2\/users\/2"}],"replies":[{"embeddable":true,"href":"https:\/\/rnoticias.com.mx\/Portal\/wp-json\/wp\/v2\/comments?post=214431"}],"version-history":[{"count":1,"href":"https:\/\/rnoticias.com.mx\/Portal\/wp-json\/wp\/v2\/posts\/214431\/revisions"}],"predecessor-version":[{"id":214433,"href":"https:\/\/rnoticias.com.mx\/Portal\/wp-json\/wp\/v2\/posts\/214431\/revisions\/214433"}],"wp:featuredmedia":[{"embeddable":true,"href":"https:\/\/rnoticias.com.mx\/Portal\/wp-json\/wp\/v2\/media\/214432"}],"wp:attachment":[{"href":"https:\/\/rnoticias.com.mx\/Portal\/wp-json\/wp\/v2\/media?parent=214431"}],"wp:term":[{"taxonomy":"category","embeddable":true,"href":"https:\/\/rnoticias.com.mx\/Portal\/wp-json\/wp\/v2\/categories?post=214431"},{"taxonomy":"post_tag","embeddable":true,"href":"https:\/\/rnoticias.com.mx\/Portal\/wp-json\/wp\/v2\/tags?post=214431"}],"curies":[{"name":"wp","href":"https:\/\/api.w.org\/{rel}","templated":true}]}}