{"id":214428,"date":"2025-04-09T17:09:26","date_gmt":"2025-04-09T17:09:26","guid":{"rendered":"https:\/\/rnoticias.com.mx\/Portal\/?p=214428"},"modified":"2025-04-09T17:09:26","modified_gmt":"2025-04-09T17:09:26","slug":"claudia-sheinbaum-llega-a-la-ix-cumbre-de-la-celac","status":"publish","type":"post","link":"https:\/\/rnoticias.com.mx\/Portal\/2025\/04\/09\/claudia-sheinbaum-llega-a-la-ix-cumbre-de-la-celac\/","title":{"rendered":"Claudia Sheinbaum llega a la IX Cumbre de la CELAC"},"content":{"rendered":"<p><mark><strong>La Presidenta Claudia Sheinbaum lleg\u00f3 a la IX Cumbre de jefes de Estado y de Gobierno de la Comunidad de Estados Latinoamericanos y Caribe\u00f1os (CELAC), en Tegucigalpa, Honduras.<\/strong><\/mark><\/p>\n<p>La Mandataria federal se encuentra acompa\u00f1ada por el secretario de Relaciones Exteriores,\u00a0<strong>Juan Ram\u00f3n de la Fuente, y jefe de Oficina de la Presidencia, L\u00e1zaro C\u00e1rdenas Batel.<\/strong><\/p>\n<p><mark><strong>Fue recibida por el secretario privado de la presidenta Xiomara Castro Sarmiento, H\u00e9ctor Manuel Zelaya Castro.<\/strong><\/mark><\/p>\n<p>Durante la conferencia matutina de este mi\u00e9rcoles,\u00a0<strong>la secretaria de Gobernaci\u00f3n, Rosa Icela Rodr\u00edguez, inform\u00f3 que Claudia Sheinbaum har\u00e1 el planteamiento sobre que haya mayor integraci\u00f3n de los pa\u00edses latinoamericanos.<\/strong><\/p>\n<p>Sheinbaum lleg\u00f3 en un avi\u00f3n de la Fuerza \u00c1rea Mexicana de la Secretar\u00eda de la Defensa Nacional,\u00a0<strong>para participar en la Cumbre en la cual estar\u00e1 pocas horas para nuevamente regresar a M\u00e9xico.<\/strong><\/p>\n","protected":false},"excerpt":{"rendered":"<p>La Presidenta Claudia Sheinbaum lleg\u00f3 a la IX Cumbre de jefes de Estado y de Gobierno de la Comunidad de Estados Latinoamericanos y Caribe\u00f1os (CELAC), en Tegucigalpa, Honduras. La Mandataria federal se encuentra acompa\u00f1ada por el secretario de Relaciones Exteriores,\u00a0Juan Ram\u00f3n de la Fuente, y jefe de Oficina de la Presidencia, L\u00e1zaro C\u00e1rdenas Batel. Fue [&hellip;]<\/p>\n","protected":false},"author":2,"featured_media":214429,"comment_status":"closed","ping_status":"closed","sticky":false,"template":"","format":"standard","meta":{"footnotes":""},"categories":[12870,172],"tags":[12865,12874],"class_list":["post-214428","post","type-post","status-publish","format-standard","has-post-thumbnail","hentry","category-destacadas","category-nacional","tag-destacadas","tag-nacional"],"jetpack_featured_media_url":"https:\/\/rnoticias.com.mx\/Portal\/wp-content\/uploads\/2025\/04\/28979.jpg","amp_enabled":true,"_links":{"self":[{"href":"https:\/\/rnoticias.com.mx\/Portal\/wp-json\/wp\/v2\/posts\/214428","targetHints":{"allow":["GET"]}}],"collection":[{"href":"https:\/\/rnoticias.com.mx\/Portal\/wp-json\/wp\/v2\/posts"}],"about":[{"href":"https:\/\/rnoticias.com.mx\/Portal\/wp-json\/wp\/v2\/types\/post"}],"author":[{"embeddable":true,"href":"https:\/\/rnoticias.com.mx\/Portal\/wp-json\/wp\/v2\/users\/2"}],"replies":[{"embeddable":true,"href":"https:\/\/rnoticias.com.mx\/Portal\/wp-json\/wp\/v2\/comments?post=214428"}],"version-history":[{"count":1,"href":"https:\/\/rnoticias.com.mx\/Portal\/wp-json\/wp\/v2\/posts\/214428\/revisions"}],"predecessor-version":[{"id":214430,"href":"https:\/\/rnoticias.com.mx\/Portal\/wp-json\/wp\/v2\/posts\/214428\/revisions\/214430"}],"wp:featuredmedia":[{"embeddable":true,"href":"https:\/\/rnoticias.com.mx\/Portal\/wp-json\/wp\/v2\/media\/214429"}],"wp:attachment":[{"href":"https:\/\/rnoticias.com.mx\/Portal\/wp-json\/wp\/v2\/media?parent=214428"}],"wp:term":[{"taxonomy":"category","embeddable":true,"href":"https:\/\/rnoticias.com.mx\/Portal\/wp-json\/wp\/v2\/categories?post=214428"},{"taxonomy":"post_tag","embeddable":true,"href":"https:\/\/rnoticias.com.mx\/Portal\/wp-json\/wp\/v2\/tags?post=214428"}],"curies":[{"name":"wp","href":"https:\/\/api.w.org\/{rel}","templated":true}]}}