{"id":214410,"date":"2025-04-09T15:40:56","date_gmt":"2025-04-09T15:40:56","guid":{"rendered":"https:\/\/rnoticias.com.mx\/Portal\/?p=214410"},"modified":"2025-04-09T15:40:56","modified_gmt":"2025-04-09T15:40:56","slug":"gobierno-de-sonora-decreta-mando-unico-en-san-luis-rio-colorado","status":"publish","type":"post","link":"https:\/\/rnoticias.com.mx\/Portal\/2025\/04\/09\/gobierno-de-sonora-decreta-mando-unico-en-san-luis-rio-colorado\/","title":{"rendered":"Gobierno de Sonora decreta Mando \u00danico en San Luis R\u00edo Colorado"},"content":{"rendered":"<p>San Luis R\u00edo Colorado, Sonora; 9 de abril de 2025.- Como parte de la estrategia de seguridad implementada en diversas regiones del estado, el Gobierno de Sonora ha determinado el regreso del Mando \u00danico al municipio de San Luis R\u00edo Colorado, reforzando as\u00ed la vigilancia, inteligencia, investigaci\u00f3n, coordinaci\u00f3n y capacidad operativa en esta zona clave de la frontera sonorense.<\/p>\n<p>Esta decisi\u00f3n se sustenta con base al an\u00e1lisis de la incidencia delictiva en la regi\u00f3n y a los resultados positivos durante el periodo en que el Mando \u00danico fue aplicado anteriormente, de julio a diciembre de 2024.<\/p>\n<p>Ante esto, el Gobernador del estado Alfonso Durazo Monta\u00f1o, ha instruido retomar esta estrategia, con el objetivo de fortalecer la seguridad y continuar la recuperaci\u00f3n de la paz en esta importante regi\u00f3n fronteriza.<\/p>\n<p>En este contexto, la Secretar\u00eda de Seguridad P\u00fablica, encabezada por el Secretario de Seguridad P\u00fablica, V\u00edctor Hugo Enr\u00edquez Garc\u00eda, asume el mando operativo de la Polic\u00eda Municipal de San Luis R\u00edo Colorado, bajo el esquema de Mando \u00danico.<\/p>\n<p>Esta medida mejorar\u00e1 la coordinaci\u00f3n interinstitucional y la atenci\u00f3n ciudadana en beneficio de las y los habitantes de San Luis R\u00edo Colorado.<\/p>\n<p>La Secretar\u00eda de Seguridad P\u00fablica del Estado refrenda su compromiso con la construcci\u00f3n de un Sonora m\u00e1s seguro, trabajando de manera cercana y coordinada con los tres niveles de gobierno y con la sociedad civil.<\/p>\n","protected":false},"excerpt":{"rendered":"<p>San Luis R\u00edo Colorado, Sonora; 9 de abril de 2025.- Como parte de la estrategia de seguridad implementada en diversas regiones del estado, el Gobierno de Sonora ha determinado el regreso del Mando \u00danico al municipio de San Luis R\u00edo Colorado, reforzando as\u00ed la vigilancia, inteligencia, investigaci\u00f3n, coordinaci\u00f3n y capacidad operativa en esta zona clave [&hellip;]<\/p>\n","protected":false},"author":2,"featured_media":214411,"comment_status":"closed","ping_status":"closed","sticky":false,"template":"","format":"standard","meta":{"footnotes":""},"categories":[12870,174],"tags":[12865,12873],"class_list":["post-214410","post","type-post","status-publish","format-standard","has-post-thumbnail","hentry","category-destacadas","category-estatal","tag-destacadas","tag-estatal"],"jetpack_featured_media_url":"https:\/\/rnoticias.com.mx\/Portal\/wp-content\/uploads\/2025\/04\/unnamed-1-16.jpg","amp_enabled":true,"_links":{"self":[{"href":"https:\/\/rnoticias.com.mx\/Portal\/wp-json\/wp\/v2\/posts\/214410","targetHints":{"allow":["GET"]}}],"collection":[{"href":"https:\/\/rnoticias.com.mx\/Portal\/wp-json\/wp\/v2\/posts"}],"about":[{"href":"https:\/\/rnoticias.com.mx\/Portal\/wp-json\/wp\/v2\/types\/post"}],"author":[{"embeddable":true,"href":"https:\/\/rnoticias.com.mx\/Portal\/wp-json\/wp\/v2\/users\/2"}],"replies":[{"embeddable":true,"href":"https:\/\/rnoticias.com.mx\/Portal\/wp-json\/wp\/v2\/comments?post=214410"}],"version-history":[{"count":1,"href":"https:\/\/rnoticias.com.mx\/Portal\/wp-json\/wp\/v2\/posts\/214410\/revisions"}],"predecessor-version":[{"id":214412,"href":"https:\/\/rnoticias.com.mx\/Portal\/wp-json\/wp\/v2\/posts\/214410\/revisions\/214412"}],"wp:featuredmedia":[{"embeddable":true,"href":"https:\/\/rnoticias.com.mx\/Portal\/wp-json\/wp\/v2\/media\/214411"}],"wp:attachment":[{"href":"https:\/\/rnoticias.com.mx\/Portal\/wp-json\/wp\/v2\/media?parent=214410"}],"wp:term":[{"taxonomy":"category","embeddable":true,"href":"https:\/\/rnoticias.com.mx\/Portal\/wp-json\/wp\/v2\/categories?post=214410"},{"taxonomy":"post_tag","embeddable":true,"href":"https:\/\/rnoticias.com.mx\/Portal\/wp-json\/wp\/v2\/tags?post=214410"}],"curies":[{"name":"wp","href":"https:\/\/api.w.org\/{rel}","templated":true}]}}