{"id":214278,"date":"2025-04-08T17:03:16","date_gmt":"2025-04-08T17:03:16","guid":{"rendered":"https:\/\/rnoticias.com.mx\/Portal\/?p=214278"},"modified":"2025-04-08T17:03:16","modified_gmt":"2025-04-08T17:03:16","slug":"gobierno-de-sonora-impulsa-el-emprendimiento-juvenil-con-el-bootcamp-emprendedor-en-nogales","status":"publish","type":"post","link":"https:\/\/rnoticias.com.mx\/Portal\/2025\/04\/08\/gobierno-de-sonora-impulsa-el-emprendimiento-juvenil-con-el-bootcamp-emprendedor-en-nogales\/","title":{"rendered":"Gobierno de Sonora impulsa el emprendimiento juvenil con el Bootcamp Emprendedor en Nogales"},"content":{"rendered":"<p>Nogales, Sonora; 8 de abril de 2025.- Con el objetivo de fortalecer el esp\u00edritu emprendedor entre la juventud sonorense, el Gobierno de Sonora, a trav\u00e9s del Instituto Sonorense de la Juventud (ISJ), realiz\u00f3 con \u00e9xito el Bootcamp Emprendedor en Nogales, en colaboraci\u00f3n con el Instituto Nogalense de la Juventud y la Universidad de Sonora.<\/p>\n<p>Rebeca Valenzuela \u00c1lvarez, directora general del ISJ, resalt\u00f3 la importancia de ofrecer a las y los j\u00f3venes herramientas pr\u00e1cticas para iniciar su propio negocio de manera segura y estrat\u00e9gica.<\/p>\n<p>&#8220;Para nosotros es fundamental que las y los j\u00f3venes cuenten con las herramientas necesarias para emprender de manera responsable y sin asumir riesgos innecesarios. Por ello, este Bootcamp Emprendedor representa una oportunidad invaluable para su desarrollo empresarial&#8221;, coment\u00f3 Valenzuela \u00c1lvarez.<\/p>\n<p>Durante la jornada, las y los participantes adquirieron conocimientos clave como estrategias de mercado, posicionamiento, an\u00e1lisis financiero y la elaboraci\u00f3n de una corrida presupuestal a cuatro a\u00f1os.<\/p>\n<p>Como parte del seguimiento del programa, quienes desarrollen su plan de negocios podr\u00e1n acceder a recurso a trav\u00e9s de la Financiera para el Desarrollo Econ\u00f3mico de Sonora (Fideson).<\/p>\n<p>La capacitaci\u00f3n se llev\u00f3 a cabo en las instalaciones de la Universidad de Sonora, campus Nogales, y cont\u00f3 con la participaci\u00f3n de un grupo numeroso de j\u00f3venes con visi\u00f3n e inter\u00e9s por emprender.<\/p>\n","protected":false},"excerpt":{"rendered":"<p>Nogales, Sonora; 8 de abril de 2025.- Con el objetivo de fortalecer el esp\u00edritu emprendedor entre la juventud sonorense, el Gobierno de Sonora, a trav\u00e9s del Instituto Sonorense de la Juventud (ISJ), realiz\u00f3 con \u00e9xito el Bootcamp Emprendedor en Nogales, en colaboraci\u00f3n con el Instituto Nogalense de la Juventud y la Universidad de Sonora. Rebeca [&hellip;]<\/p>\n","protected":false},"author":2,"featured_media":214279,"comment_status":"closed","ping_status":"closed","sticky":false,"template":"","format":"standard","meta":{"footnotes":""},"categories":[12870,174],"tags":[12865,12873],"class_list":["post-214278","post","type-post","status-publish","format-standard","has-post-thumbnail","hentry","category-destacadas","category-estatal","tag-destacadas","tag-estatal"],"jetpack_featured_media_url":"https:\/\/rnoticias.com.mx\/Portal\/wp-content\/uploads\/2025\/04\/unname9d-19.jpg","amp_enabled":true,"_links":{"self":[{"href":"https:\/\/rnoticias.com.mx\/Portal\/wp-json\/wp\/v2\/posts\/214278","targetHints":{"allow":["GET"]}}],"collection":[{"href":"https:\/\/rnoticias.com.mx\/Portal\/wp-json\/wp\/v2\/posts"}],"about":[{"href":"https:\/\/rnoticias.com.mx\/Portal\/wp-json\/wp\/v2\/types\/post"}],"author":[{"embeddable":true,"href":"https:\/\/rnoticias.com.mx\/Portal\/wp-json\/wp\/v2\/users\/2"}],"replies":[{"embeddable":true,"href":"https:\/\/rnoticias.com.mx\/Portal\/wp-json\/wp\/v2\/comments?post=214278"}],"version-history":[{"count":1,"href":"https:\/\/rnoticias.com.mx\/Portal\/wp-json\/wp\/v2\/posts\/214278\/revisions"}],"predecessor-version":[{"id":214280,"href":"https:\/\/rnoticias.com.mx\/Portal\/wp-json\/wp\/v2\/posts\/214278\/revisions\/214280"}],"wp:featuredmedia":[{"embeddable":true,"href":"https:\/\/rnoticias.com.mx\/Portal\/wp-json\/wp\/v2\/media\/214279"}],"wp:attachment":[{"href":"https:\/\/rnoticias.com.mx\/Portal\/wp-json\/wp\/v2\/media?parent=214278"}],"wp:term":[{"taxonomy":"category","embeddable":true,"href":"https:\/\/rnoticias.com.mx\/Portal\/wp-json\/wp\/v2\/categories?post=214278"},{"taxonomy":"post_tag","embeddable":true,"href":"https:\/\/rnoticias.com.mx\/Portal\/wp-json\/wp\/v2\/tags?post=214278"}],"curies":[{"name":"wp","href":"https:\/\/api.w.org\/{rel}","templated":true}]}}