{"id":214275,"date":"2025-04-08T17:01:46","date_gmt":"2025-04-08T17:01:46","guid":{"rendered":"https:\/\/rnoticias.com.mx\/Portal\/?p=214275"},"modified":"2025-04-08T17:01:46","modified_gmt":"2025-04-08T17:01:46","slug":"amplia-gobierno-de-sonora-convocatoria-del-programa-estudiantil-a-taiwan","status":"publish","type":"post","link":"https:\/\/rnoticias.com.mx\/Portal\/2025\/04\/08\/amplia-gobierno-de-sonora-convocatoria-del-programa-estudiantil-a-taiwan\/","title":{"rendered":"Ampl\u00eda Gobierno de Sonora convocatoria del Programa Estudiantil a Taiw\u00e1n"},"content":{"rendered":"<p>Hermosillo, Sonora; 8 de abril de 2025.- El Gobierno del Estado de Sonora, a trav\u00e9s del Consejo para el Desarrollo Sostenible (Codeso), inform\u00f3 que se ampli\u00f3 el periodo de registro para participar en la segunda generaci\u00f3n del Programa de Movilidad Estudiantil a Taiw\u00e1n, hasta el pr\u00f3ximo 22 de abril.<\/p>\n<p>El presidente ejecutivo de Codeso, Francisco Acu\u00f1a M\u00e9ndez, explic\u00f3 que la ampliaci\u00f3n del registro se debi\u00f3 al inter\u00e9s mostrado por los estudiantes y a que se identificaron j\u00f3venes con potencial para participar, pero que no cuentan con pasaporte vigente.<\/p>\n<p>\u201cQueremos que todos los j\u00f3venes que cumplan los requisitos tengan la misma oportunidad de competir. Como ha se\u00f1alado el gobernador Alfonso Durazo, la selecci\u00f3n ser\u00e1 estrictamente con base en el m\u00e9rito\u201d, afirm\u00f3.<\/p>\n<p>Acu\u00f1a M\u00e9ndez detall\u00f3 que tambi\u00e9n se ampli\u00f3 el rango de edad de la convocatoria, pasando como l\u00edmite de los 24 a los 27 a\u00f1os.<\/p>\n<p>\u201cEn nuestras visitas a las universidades encontramos casos de j\u00f3venes que est\u00e1n estudiando y cumplen con la mayor\u00eda de los requisitos, excepto por la edad. Por ello, lo valoramos y ampliamos el l\u00edmite de edad para que m\u00e1s j\u00f3venes tengan oportunidad de participar\u201d, expres\u00f3.<\/p>\n<p>Record\u00f3 que el Programa de Movilidad Estudiantil forma parte del eje de Desarrollo de Talento Humano del Plan Sonora de Energ\u00edas Sostenibles y tiene como objetivo preparar a ingenieros y t\u00e9cnicos sonorenses en sectores estrat\u00e9gicos como semiconductores, electromovilidad y energ\u00edas limpias.<\/p>\n<p>Por su parte, el coordinador ejecutivo de Codeso, Diego Avil\u00e9s, invit\u00f3 a los j\u00f3venes interesados a inscribirse en la p\u00e1gina de internet\u00a0<a href=\"http:\/\/codeso.mx\/\" target=\"_blank\" rel=\"noopener\" data-saferedirecturl=\"https:\/\/www.google.com\/url?q=http:\/\/codeso.mx&amp;source=gmail&amp;ust=1744217107031000&amp;usg=AOvVaw1NS1lLojzQ6Ban1qVW3KC7\">codeso.mx<\/a>.<\/p>\n<p>Record\u00f3 que la beca contempla la inscripci\u00f3n a universidades de prestigio, hospedaje, alimentaci\u00f3n, seguro m\u00e9dico, una laptop y recursos para su manutenci\u00f3n durante los 10 meses que durar\u00e1 el programa.<\/p>\n","protected":false},"excerpt":{"rendered":"<p>Hermosillo, Sonora; 8 de abril de 2025.- El Gobierno del Estado de Sonora, a trav\u00e9s del Consejo para el Desarrollo Sostenible (Codeso), inform\u00f3 que se ampli\u00f3 el periodo de registro para participar en la segunda generaci\u00f3n del Programa de Movilidad Estudiantil a Taiw\u00e1n, hasta el pr\u00f3ximo 22 de abril. El presidente ejecutivo de Codeso, Francisco [&hellip;]<\/p>\n","protected":false},"author":2,"featured_media":214276,"comment_status":"closed","ping_status":"closed","sticky":false,"template":"","format":"standard","meta":{"footnotes":""},"categories":[12870,178],"tags":[12865,12869],"class_list":["post-214275","post","type-post","status-publish","format-standard","has-post-thumbnail","hentry","category-destacadas","category-local","tag-destacadas","tag-local"],"jetpack_featured_media_url":"https:\/\/rnoticias.com.mx\/Portal\/wp-content\/uploads\/2025\/04\/unnamed-2-5.jpg","amp_enabled":true,"_links":{"self":[{"href":"https:\/\/rnoticias.com.mx\/Portal\/wp-json\/wp\/v2\/posts\/214275","targetHints":{"allow":["GET"]}}],"collection":[{"href":"https:\/\/rnoticias.com.mx\/Portal\/wp-json\/wp\/v2\/posts"}],"about":[{"href":"https:\/\/rnoticias.com.mx\/Portal\/wp-json\/wp\/v2\/types\/post"}],"author":[{"embeddable":true,"href":"https:\/\/rnoticias.com.mx\/Portal\/wp-json\/wp\/v2\/users\/2"}],"replies":[{"embeddable":true,"href":"https:\/\/rnoticias.com.mx\/Portal\/wp-json\/wp\/v2\/comments?post=214275"}],"version-history":[{"count":1,"href":"https:\/\/rnoticias.com.mx\/Portal\/wp-json\/wp\/v2\/posts\/214275\/revisions"}],"predecessor-version":[{"id":214277,"href":"https:\/\/rnoticias.com.mx\/Portal\/wp-json\/wp\/v2\/posts\/214275\/revisions\/214277"}],"wp:featuredmedia":[{"embeddable":true,"href":"https:\/\/rnoticias.com.mx\/Portal\/wp-json\/wp\/v2\/media\/214276"}],"wp:attachment":[{"href":"https:\/\/rnoticias.com.mx\/Portal\/wp-json\/wp\/v2\/media?parent=214275"}],"wp:term":[{"taxonomy":"category","embeddable":true,"href":"https:\/\/rnoticias.com.mx\/Portal\/wp-json\/wp\/v2\/categories?post=214275"},{"taxonomy":"post_tag","embeddable":true,"href":"https:\/\/rnoticias.com.mx\/Portal\/wp-json\/wp\/v2\/tags?post=214275"}],"curies":[{"name":"wp","href":"https:\/\/api.w.org\/{rel}","templated":true}]}}