{"id":214272,"date":"2025-04-08T17:00:42","date_gmt":"2025-04-08T17:00:42","guid":{"rendered":"https:\/\/rnoticias.com.mx\/Portal\/?p=214272"},"modified":"2025-04-08T17:00:42","modified_gmt":"2025-04-08T17:00:42","slug":"entrega-gobierno-de-sonora-titulos-profesionales-con-lenguaje-incluyente-y-perspectiva-de-genero-ues","status":"publish","type":"post","link":"https:\/\/rnoticias.com.mx\/Portal\/2025\/04\/08\/entrega-gobierno-de-sonora-titulos-profesionales-con-lenguaje-incluyente-y-perspectiva-de-genero-ues\/","title":{"rendered":"Entrega Gobierno de Sonora t\u00edtulos profesionales con lenguaje incluyente y perspectiva de g\u00e9nero: UES"},"content":{"rendered":"<p>Hermosillo, Sonora; 8 de abril de 2025.- En apego a los principios de Igualdad Sustantiva promovidos por el Gobierno de Sonora, la Universidad Estatal de Sonora (UES) entreg\u00f3, por primera vez, t\u00edtulos profesionales que reconocen el g\u00e9nero de las personas egresadas, inform\u00f3 la rectora Martha Patricia Pati\u00f1o Fierro.<\/p>\n<p>\u201cEste es un acontecimiento que marca la vida institucional de la UES, porque a partir de ahora, las egresadas recibir\u00e1n un t\u00edtulo que las acredita como licenciadas, ingenieras o maestras, de acuerdo con su identidad de g\u00e9nero, y no en la forma masculina solo por c\u00f3mo estaba registrado el programa educativo\u201d, explic\u00f3 Pati\u00f1o Fierro.<\/p>\n<p>En una emotiva ceremonia realizada en el Aula Magna de la Unidad Acad\u00e9mica Hermosillo, 56 nuevas y nuevos profesionistas recibieron el documento que acredita su formaci\u00f3n profesional, acompa\u00f1ados por docentes, familiares y amistades.<\/p>\n<p>En representaci\u00f3n del secretario de Educaci\u00f3n, Froyl\u00e1n G\u00e1mez Gamboa, la directora de Alianzas Estrat\u00e9gicas de la Subsecretar\u00eda de Educaci\u00f3n Media y Media Superior, Miriam Miranda Valenzuela, reconoci\u00f3 que esta acci\u00f3n visibiliza a las mujeres tituladas dentro de las pol\u00edticas p\u00fablicas y contribuye a la igualdad de g\u00e9nero en el \u00e1mbito educativo.<\/p>\n<p>La disposici\u00f3n para emitir t\u00edtulos con lenguaje incluyente y perspectiva de g\u00e9nero fue autorizada por la Secretar\u00eda de Educaci\u00f3n y Cultura a partir de octubre de 2024. Estos documentos, junto con otros 346 que se entregar\u00e1n pr\u00f3ximamente en las distintas Unidades Acad\u00e9micas de la UES, forman el primer lote emitido bajo este criterio.<\/p>\n","protected":false},"excerpt":{"rendered":"<p>Hermosillo, Sonora; 8 de abril de 2025.- En apego a los principios de Igualdad Sustantiva promovidos por el Gobierno de Sonora, la Universidad Estatal de Sonora (UES) entreg\u00f3, por primera vez, t\u00edtulos profesionales que reconocen el g\u00e9nero de las personas egresadas, inform\u00f3 la rectora Martha Patricia Pati\u00f1o Fierro. \u201cEste es un acontecimiento que marca la [&hellip;]<\/p>\n","protected":false},"author":2,"featured_media":214273,"comment_status":"closed","ping_status":"closed","sticky":false,"template":"","format":"standard","meta":{"footnotes":""},"categories":[12870,178],"tags":[12865,12869],"class_list":["post-214272","post","type-post","status-publish","format-standard","has-post-thumbnail","hentry","category-destacadas","category-local","tag-destacadas","tag-local"],"jetpack_featured_media_url":"https:\/\/rnoticias.com.mx\/Portal\/wp-content\/uploads\/2025\/04\/unnamed-19-2.jpg","amp_enabled":true,"_links":{"self":[{"href":"https:\/\/rnoticias.com.mx\/Portal\/wp-json\/wp\/v2\/posts\/214272","targetHints":{"allow":["GET"]}}],"collection":[{"href":"https:\/\/rnoticias.com.mx\/Portal\/wp-json\/wp\/v2\/posts"}],"about":[{"href":"https:\/\/rnoticias.com.mx\/Portal\/wp-json\/wp\/v2\/types\/post"}],"author":[{"embeddable":true,"href":"https:\/\/rnoticias.com.mx\/Portal\/wp-json\/wp\/v2\/users\/2"}],"replies":[{"embeddable":true,"href":"https:\/\/rnoticias.com.mx\/Portal\/wp-json\/wp\/v2\/comments?post=214272"}],"version-history":[{"count":1,"href":"https:\/\/rnoticias.com.mx\/Portal\/wp-json\/wp\/v2\/posts\/214272\/revisions"}],"predecessor-version":[{"id":214274,"href":"https:\/\/rnoticias.com.mx\/Portal\/wp-json\/wp\/v2\/posts\/214272\/revisions\/214274"}],"wp:featuredmedia":[{"embeddable":true,"href":"https:\/\/rnoticias.com.mx\/Portal\/wp-json\/wp\/v2\/media\/214273"}],"wp:attachment":[{"href":"https:\/\/rnoticias.com.mx\/Portal\/wp-json\/wp\/v2\/media?parent=214272"}],"wp:term":[{"taxonomy":"category","embeddable":true,"href":"https:\/\/rnoticias.com.mx\/Portal\/wp-json\/wp\/v2\/categories?post=214272"},{"taxonomy":"post_tag","embeddable":true,"href":"https:\/\/rnoticias.com.mx\/Portal\/wp-json\/wp\/v2\/tags?post=214272"}],"curies":[{"name":"wp","href":"https:\/\/api.w.org\/{rel}","templated":true}]}}