{"id":214263,"date":"2025-04-08T16:58:12","date_gmt":"2025-04-08T16:58:12","guid":{"rendered":"https:\/\/rnoticias.com.mx\/Portal\/?p=214263"},"modified":"2025-04-08T16:58:12","modified_gmt":"2025-04-08T16:58:12","slug":"gobierno-de-sonora-se-suma-a-la-celebracion-del-dia-mundial-de-la-salud","status":"publish","type":"post","link":"https:\/\/rnoticias.com.mx\/Portal\/2025\/04\/08\/gobierno-de-sonora-se-suma-a-la-celebracion-del-dia-mundial-de-la-salud\/","title":{"rendered":"Gobierno de Sonora se suma a la celebraci\u00f3n del D\u00eda Mundial de la Salud"},"content":{"rendered":"<p>Hermosillo, Sonora; 8 de abril de 2025.- El Gobierno de Sonora, a trav\u00e9s de la Secretar\u00eda de Salud (SSP), se uni\u00f3 a la celebraci\u00f3n del D\u00eda Mundial de la Salud, cuyo principal objetivo se centra en la salud materna y del reci\u00e9n nacido.<\/p>\n<p>Bajo el lema \u201cComienzos saludables, futuros esperanzadores\u201d, este a\u00f1o se busca intensificar los esfuerzos para poner fin a las muertes prevenibles de madres y reci\u00e9n nacidos, y dar prioridad a la salud y el bienestar de las mujeres a largo plazo.<\/p>\n<p>De acuerdo con la SSP, en Sonora se atiende la salud materna y perinatal en todas las unidades de salud, donde, previo al embarazo, durante y despu\u00e9s del parto, se brinda atenci\u00f3n m\u00e9dica de calidad y sin costo alguno.<\/p>\n<p>Posteriormente, se realiza un seguimiento a la salud del reci\u00e9n nacido en la consulta del ni\u00f1o, donde se revisan su peso, talla y salud general, as\u00ed como la actualizaci\u00f3n de su cartilla de vacunaci\u00f3n, para verificar que cuente con todas las vacunas correspondientes a su edad.<\/p>\n<p>De esta manera, la dependencia estatal reiter\u00f3 el llamado a la vacunaci\u00f3n para la prevenci\u00f3n de enfermedades, a llevar un estilo de vida saludable, con una alimentaci\u00f3n balanceada y hacer ejercicio al menos 30 minutos diarios, con el fin de lograr una salud integral y comunitaria. Cabe se\u00f1alar que todos los servicios de salud son gratuitos para la poblaci\u00f3n sin derechohabiencia.<\/p>\n","protected":false},"excerpt":{"rendered":"<p>Hermosillo, Sonora; 8 de abril de 2025.- El Gobierno de Sonora, a trav\u00e9s de la Secretar\u00eda de Salud (SSP), se uni\u00f3 a la celebraci\u00f3n del D\u00eda Mundial de la Salud, cuyo principal objetivo se centra en la salud materna y del reci\u00e9n nacido. Bajo el lema \u201cComienzos saludables, futuros esperanzadores\u201d, este a\u00f1o se busca intensificar [&hellip;]<\/p>\n","protected":false},"author":2,"featured_media":214264,"comment_status":"closed","ping_status":"closed","sticky":false,"template":"","format":"standard","meta":{"footnotes":""},"categories":[12870,178],"tags":[12865,12869],"class_list":["post-214263","post","type-post","status-publish","format-standard","has-post-thumbnail","hentry","category-destacadas","category-local","tag-destacadas","tag-local"],"jetpack_featured_media_url":"https:\/\/rnoticias.com.mx\/Portal\/wp-content\/uploads\/2025\/04\/unnamed-35.jpg","amp_enabled":true,"_links":{"self":[{"href":"https:\/\/rnoticias.com.mx\/Portal\/wp-json\/wp\/v2\/posts\/214263","targetHints":{"allow":["GET"]}}],"collection":[{"href":"https:\/\/rnoticias.com.mx\/Portal\/wp-json\/wp\/v2\/posts"}],"about":[{"href":"https:\/\/rnoticias.com.mx\/Portal\/wp-json\/wp\/v2\/types\/post"}],"author":[{"embeddable":true,"href":"https:\/\/rnoticias.com.mx\/Portal\/wp-json\/wp\/v2\/users\/2"}],"replies":[{"embeddable":true,"href":"https:\/\/rnoticias.com.mx\/Portal\/wp-json\/wp\/v2\/comments?post=214263"}],"version-history":[{"count":1,"href":"https:\/\/rnoticias.com.mx\/Portal\/wp-json\/wp\/v2\/posts\/214263\/revisions"}],"predecessor-version":[{"id":214265,"href":"https:\/\/rnoticias.com.mx\/Portal\/wp-json\/wp\/v2\/posts\/214263\/revisions\/214265"}],"wp:featuredmedia":[{"embeddable":true,"href":"https:\/\/rnoticias.com.mx\/Portal\/wp-json\/wp\/v2\/media\/214264"}],"wp:attachment":[{"href":"https:\/\/rnoticias.com.mx\/Portal\/wp-json\/wp\/v2\/media?parent=214263"}],"wp:term":[{"taxonomy":"category","embeddable":true,"href":"https:\/\/rnoticias.com.mx\/Portal\/wp-json\/wp\/v2\/categories?post=214263"},{"taxonomy":"post_tag","embeddable":true,"href":"https:\/\/rnoticias.com.mx\/Portal\/wp-json\/wp\/v2\/tags?post=214263"}],"curies":[{"name":"wp","href":"https:\/\/api.w.org\/{rel}","templated":true}]}}