{"id":214260,"date":"2025-04-08T16:57:04","date_gmt":"2025-04-08T16:57:04","guid":{"rendered":"https:\/\/rnoticias.com.mx\/Portal\/?p=214260"},"modified":"2025-04-08T16:57:04","modified_gmt":"2025-04-08T16:57:04","slug":"lmb-revela-si-julio-urias-podria-jugar-o-no-en-mexico","status":"publish","type":"post","link":"https:\/\/rnoticias.com.mx\/Portal\/2025\/04\/08\/lmb-revela-si-julio-urias-podria-jugar-o-no-en-mexico\/","title":{"rendered":"LMB revela si Julio Ur\u00edas podr\u00eda jugar o no en M\u00e9xico"},"content":{"rendered":"<p>El presidente de la Liga Mexicana de Beisbol\u00a0<a href=\"https:\/\/www.informador.mx\/liga-mexicana-de-beisbol-lmb-t1794\" target=\"_blank\" rel=\"noopener\"><strong>(LMB)<\/strong><\/a>, Horacio de la Vega, dio a conocer su postura respecto al expitcher sinaloense de Los Angeles Dodgers, Julio Ur\u00edas.<\/p>\n<p>El pitcher zurdo, campe\u00f3n de la Serie Mundial 2020 con la novena blanquiazul, fue suspendido por las Grandes Ligas (MLB, por sus siglas en ingl\u00e9s) hasta el 17 de julio, despu\u00e9s de la pausa del All-Star Game 2025. El mexicano enfrent\u00f3 en 2023 cinco cargos por violencia dom\u00e9stica.<\/p>\n<p><mark><strong>Tras ser declarado inocente y haberse retirado cuatro cargos m\u00e1s en su contra, Julio Ur\u00edas acept\u00f3 unirse a un programa de tratamiento.<\/strong><\/mark><\/p>\n<p>Esto abri\u00f3 la posibilidad al pitcher de 28 a\u00f1os de explorar posibilidades para mantenerse en activo. El culichi no ve acci\u00f3n en la lomita desde el 1 de septiembre de 2023, previo a su detenci\u00f3n. Fue entonces que la LMB -as\u00ed como otras Ligas profesionales de Asia- se proyectaron como opciones para que el exjugador de los\u00a0<a href=\"https:\/\/www.informador.mx\/dodgers-de-los-angeles-t2191\" target=\"_blank\" rel=\"noopener\"><strong>Dodgers<\/strong><\/a>.<\/p>\n<p>Sin embargo, el presidente del circuito mexicano de verano cerr\u00f3 toda posibilidad, mientras su situaci\u00f3n legal no se aclare, m\u00e1s all\u00e1 de lo que se diga en Las Mayores o el castigo que tiene vigente.<\/p>\n<p>Independientemente del veto en Grandes Ligas de\u00a0<a href=\"https:\/\/www.informador.mx\/beisbol-t27\" target=\"_blank\" rel=\"noopener\"><strong>beisbol<\/strong><\/a>, la LMB pretende alinearse con las autoridades estadounidenses.<\/p>\n<p><strong>&#8220;Debe ser una autoridad competente, que es la de Estados Unidos, que le tipific\u00f3 al se\u00f1or Ur\u00edas delitos espec\u00edficos, y nosotros no nos vamos a meter a ser juez y parte&#8221;,<\/strong>\u00a0expres\u00f3 el presidente de la LMB.<\/p>\n<p>&#8220;Vamos a dar cumplimiento a la autoridad competente&#8221;, mencion\u00f3 De la Vega.\u00a0<strong>&#8220;Si no mal recuerdo, tiene penalizaciones que tendr\u00e1n un plazo de cerca de 36 meses para poderse cumplir&#8221;.<\/strong><\/p>\n<p><mark><strong>&#8220;En tanto eso no ocurra, no veo posibilidad de que Julio Ur\u00edas participe en la LMB&#8221;,<\/strong><\/mark>\u00a0concluy\u00f3, dando fin as\u00ed a cualquier especulaci\u00f3n que vincule al lanzador en los parques de beisbol mexicanos (en verano), al menos en lo que respecta a la temporada que est\u00e1 por comenzar.<\/p>\n","protected":false},"excerpt":{"rendered":"<p>El presidente de la Liga Mexicana de Beisbol\u00a0(LMB), Horacio de la Vega, dio a conocer su postura respecto al expitcher sinaloense de Los Angeles Dodgers, Julio Ur\u00edas. El pitcher zurdo, campe\u00f3n de la Serie Mundial 2020 con la novena blanquiazul, fue suspendido por las Grandes Ligas (MLB, por sus siglas en ingl\u00e9s) hasta el 17 [&hellip;]<\/p>\n","protected":false},"author":2,"featured_media":214261,"comment_status":"closed","ping_status":"closed","sticky":false,"template":"","format":"standard","meta":{"footnotes":""},"categories":[188,12870],"tags":[5231,12865],"class_list":["post-214260","post","type-post","status-publish","format-standard","has-post-thumbnail","hentry","category-deportes","category-destacadas","tag-deportes","tag-destacadas"],"jetpack_featured_media_url":"https:\/\/rnoticias.com.mx\/Portal\/wp-content\/uploads\/2025\/04\/AA1Ctrro.jpg","amp_enabled":true,"_links":{"self":[{"href":"https:\/\/rnoticias.com.mx\/Portal\/wp-json\/wp\/v2\/posts\/214260","targetHints":{"allow":["GET"]}}],"collection":[{"href":"https:\/\/rnoticias.com.mx\/Portal\/wp-json\/wp\/v2\/posts"}],"about":[{"href":"https:\/\/rnoticias.com.mx\/Portal\/wp-json\/wp\/v2\/types\/post"}],"author":[{"embeddable":true,"href":"https:\/\/rnoticias.com.mx\/Portal\/wp-json\/wp\/v2\/users\/2"}],"replies":[{"embeddable":true,"href":"https:\/\/rnoticias.com.mx\/Portal\/wp-json\/wp\/v2\/comments?post=214260"}],"version-history":[{"count":1,"href":"https:\/\/rnoticias.com.mx\/Portal\/wp-json\/wp\/v2\/posts\/214260\/revisions"}],"predecessor-version":[{"id":214262,"href":"https:\/\/rnoticias.com.mx\/Portal\/wp-json\/wp\/v2\/posts\/214260\/revisions\/214262"}],"wp:featuredmedia":[{"embeddable":true,"href":"https:\/\/rnoticias.com.mx\/Portal\/wp-json\/wp\/v2\/media\/214261"}],"wp:attachment":[{"href":"https:\/\/rnoticias.com.mx\/Portal\/wp-json\/wp\/v2\/media?parent=214260"}],"wp:term":[{"taxonomy":"category","embeddable":true,"href":"https:\/\/rnoticias.com.mx\/Portal\/wp-json\/wp\/v2\/categories?post=214260"},{"taxonomy":"post_tag","embeddable":true,"href":"https:\/\/rnoticias.com.mx\/Portal\/wp-json\/wp\/v2\/tags?post=214260"}],"curies":[{"name":"wp","href":"https:\/\/api.w.org\/{rel}","templated":true}]}}