{"id":214251,"date":"2025-04-08T16:50:39","date_gmt":"2025-04-08T16:50:39","guid":{"rendered":"https:\/\/rnoticias.com.mx\/Portal\/?p=214251"},"modified":"2025-04-08T16:50:39","modified_gmt":"2025-04-08T16:50:39","slug":"ceci-flores-acusa-al-gobierno-de-alistar-ley-para-desaparecer-a-los-desaparecidos","status":"publish","type":"post","link":"https:\/\/rnoticias.com.mx\/Portal\/2025\/04\/08\/ceci-flores-acusa-al-gobierno-de-alistar-ley-para-desaparecer-a-los-desaparecidos\/","title":{"rendered":"Ceci Flores acusa al Gobierno de alistar ley para &#8216;desaparecer a los desaparecidos&#8217;"},"content":{"rendered":"<p><strong>La l\u00edder del colectivo Madres Buscadoras de Sonora, \u00a0Cecilia Flores<\/strong>\u00a0acus\u00f3 este lunes al Gobierno de M\u00e9xico de preparar una ley para &#8220;desaparecer completamente&#8221; a las personas no localizadas, en medio de la crisis por desapariciones que atraviesa el pa\u00eds.<\/p>\n<p><mark><strong>Flores sostuvo una reuni\u00f3n con Margarita Valdez, presidenta de la Comisi\u00f3n de Gobernaci\u00f3n del Senado, para conocer el paquete de reformas que el Legislativo prepara ante la problem\u00e1tica de las desapariciones en M\u00e9xico,<\/strong><\/mark>\u00a0puesta sobre el relieve tras el hallazgo de presunto campo de adiestramiento y exterminio en Jalisco.<\/p>\n<p>&#8220;Quieren hacer una ley que va a desaparecer completamente, por completo, a los desaparecidos&#8221;, advirti\u00f3 Flores, al salir de la reuni\u00f3n en la capital mexicana.<\/p>\n<p>La activista se\u00f1al\u00f3 a medios que ella misma busc\u00f3 el encuentro porque considera que las leyes deben prepararse escuchando a las v\u00edctimas,<strong>\u00a0y acus\u00f3 a la Presidenta de M\u00e9xico, Claudia Sheinbaum, de ignorarlas y no tomar en cuenta sus demandas.<\/strong><\/p>\n<p>&#8220;Debe pensar en tomarle la voz a las v\u00edctimas, no nada m\u00e1s lo que ella (Sheinbaum) diga, porque la verdad todo lo hacen para minimizar y perjudicar la b\u00fasqueda&#8221;, opin\u00f3 Flores.<\/p>\n<p><mark><strong>La madre que busca a dos de sus hijos desaparecidos consider\u00f3 que estas leyes &#8220;lamentablemente van a perjudicar m\u00e1s, y van a empezar a desaparecer por completo las personas&#8221;.<\/strong><\/mark><\/p>\n<p>A juicio de Flores, lo que necesitan los colectivos de buscadores es que se agilice la b\u00fasqueda, investigaci\u00f3n y localizaci\u00f3n de inmediata ante una desaparici\u00f3n.<\/p>\n<p>&#8220;Ellos (el gobierno) tienen todas las herramientas y los recursos para hacerlo, lo que no tienen es disponibilidad, sensibilidad, empat\u00eda en el tema (\u2026) porque es un trabajo que estamos haciendo sin recursos, sin herramientas, sin tecnolog\u00eda y que lo hacemos mejor que ellos como autoridad&#8221;, agreg\u00f3.<\/p>\n<p>Flores particip\u00f3 en la reuni\u00f3n en el Legislativo con varias personas buscadoras, que ped\u00edan ser tomadas en cuenta para la construcci\u00f3n de las reformas anunciadas por la presidenta del pa\u00eds hace unos d\u00edas.<\/p>\n<p>A la par, la<strong>\u00a0secretaria de Gobernaci\u00f3n, Rosa Icela Rodr\u00edguez, se reuni\u00f3 por primera vez con colectivos de personas que buscan a sus seres queridos, la mayor\u00eda de Jalisco, donde no estuvo Flores.<\/strong><\/p>\n<p>Seg\u00fan Rodr\u00edguez, este es el inicio de una serie de mesas de di\u00e1logo con colectivos de b\u00fasqueda de personas desaparecidas para atender &#8220;como prioridad de Estado&#8221; el problema de las desapariciones, como le instruy\u00f3 Sheinbaum.<\/p>\n<p>&#8220;Ese es un primer compromiso que nosotros queremos hacer y queremos que nos ayuden a hacer esta agenda de trabajo, que nos lleve a la localizaci\u00f3n de sus seres queridos&#8221;, afirm\u00f3 Rodr\u00edguez.<\/p>\n<p><mark><strong>El hallazgo de un rancho que presuntamente era un campo de adiestramiento del Cartel Nueva Generaci\u00f3n (CNG) en Teuchitl\u00e1n, Jalisco, ha elevado la presi\u00f3n para que el Gobierno atienda la crisis de desapariciones en el pa\u00eds.<\/strong><\/mark><\/p>\n<p><strong>M\u00e9xico acumula a la fecha m\u00e1s de 120.000 personas desaparecidas, seg\u00fan datos del Registro Nacional de Personas Desaparecidas y No Localizadas (RNPDNO)<\/strong>, que contabiliza las desapariciones registradas desde la d\u00e9cada de 1950.<\/p>\n<p>&nbsp;<\/p>\n<p>EFE<\/p>\n","protected":false},"excerpt":{"rendered":"<p>La l\u00edder del colectivo Madres Buscadoras de Sonora, \u00a0Cecilia Flores\u00a0acus\u00f3 este lunes al Gobierno de M\u00e9xico de preparar una ley para &#8220;desaparecer completamente&#8221; a las personas no localizadas, en medio de la crisis por desapariciones que atraviesa el pa\u00eds. Flores sostuvo una reuni\u00f3n con Margarita Valdez, presidenta de la Comisi\u00f3n de Gobernaci\u00f3n del Senado, para [&hellip;]<\/p>\n","protected":false},"author":2,"featured_media":214252,"comment_status":"closed","ping_status":"closed","sticky":false,"template":"","format":"standard","meta":{"footnotes":""},"categories":[12870,172],"tags":[12865,12874],"class_list":["post-214251","post","type-post","status-publish","format-standard","has-post-thumbnail","hentry","category-destacadas","category-nacional","tag-destacadas","tag-nacional"],"jetpack_featured_media_url":"https:\/\/rnoticias.com.mx\/Portal\/wp-content\/uploads\/2025\/04\/3422.webp","amp_enabled":true,"_links":{"self":[{"href":"https:\/\/rnoticias.com.mx\/Portal\/wp-json\/wp\/v2\/posts\/214251","targetHints":{"allow":["GET"]}}],"collection":[{"href":"https:\/\/rnoticias.com.mx\/Portal\/wp-json\/wp\/v2\/posts"}],"about":[{"href":"https:\/\/rnoticias.com.mx\/Portal\/wp-json\/wp\/v2\/types\/post"}],"author":[{"embeddable":true,"href":"https:\/\/rnoticias.com.mx\/Portal\/wp-json\/wp\/v2\/users\/2"}],"replies":[{"embeddable":true,"href":"https:\/\/rnoticias.com.mx\/Portal\/wp-json\/wp\/v2\/comments?post=214251"}],"version-history":[{"count":1,"href":"https:\/\/rnoticias.com.mx\/Portal\/wp-json\/wp\/v2\/posts\/214251\/revisions"}],"predecessor-version":[{"id":214253,"href":"https:\/\/rnoticias.com.mx\/Portal\/wp-json\/wp\/v2\/posts\/214251\/revisions\/214253"}],"wp:featuredmedia":[{"embeddable":true,"href":"https:\/\/rnoticias.com.mx\/Portal\/wp-json\/wp\/v2\/media\/214252"}],"wp:attachment":[{"href":"https:\/\/rnoticias.com.mx\/Portal\/wp-json\/wp\/v2\/media?parent=214251"}],"wp:term":[{"taxonomy":"category","embeddable":true,"href":"https:\/\/rnoticias.com.mx\/Portal\/wp-json\/wp\/v2\/categories?post=214251"},{"taxonomy":"post_tag","embeddable":true,"href":"https:\/\/rnoticias.com.mx\/Portal\/wp-json\/wp\/v2\/tags?post=214251"}],"curies":[{"name":"wp","href":"https:\/\/api.w.org\/{rel}","templated":true}]}}