{"id":214245,"date":"2025-04-08T02:42:26","date_gmt":"2025-04-08T02:42:26","guid":{"rendered":"https:\/\/rnoticias.com.mx\/Portal\/?p=214245"},"modified":"2025-04-08T02:42:26","modified_gmt":"2025-04-08T02:42:26","slug":"detecta-transito-a-227-conductores-ebrios-y-614-en-exceso-de-velocidad","status":"publish","type":"post","link":"https:\/\/rnoticias.com.mx\/Portal\/2025\/04\/08\/detecta-transito-a-227-conductores-ebrios-y-614-en-exceso-de-velocidad\/","title":{"rendered":"Detecta Tr\u00e1nsito a 227 conductores ebrios y 614 en exceso de velocidad"},"content":{"rendered":"<div dir=\"auto\"><b>Hermosillo, Sonora a 07 de abril del 2025.-\u00a0<\/b>Del 31 de marzo al 06 de abril el departamento de Tr\u00e1nsito sorprendi\u00f3 a 227 personas bajo el consumo de alcohol y a 614 en exceso de velocidad.<\/div>\n<div dir=\"auto\"><\/div>\n<div dir=\"auto\">David S\u00e1nchez Vel\u00e1zquez detall\u00f3 que en el Dispositivo de Evaluaci\u00f3n y Control de Tr\u00e1nsito se detectaron a 172 conductores con aliento alcoh\u00f3lico.<\/div>\n<div dir=\"auto\"><\/div>\n<div dir=\"auto\">El vocero inform\u00f3 que uno de ellos particip\u00f3 en accidente automovil\u00edstico, por lo que se turn\u00f3 ante el Ministerio P\u00fablico.<\/div>\n<div dir=\"auto\"><\/div>\n<div dir=\"auto\">Dijo que en ese periodo se dio atenci\u00f3n a 35 hechos viales en donde lamentablemente una persona muri\u00f3 y 12 resultaron lesionadas.<\/div>\n<div dir=\"auto\"><\/div>\n<div dir=\"auto\">Indic\u00f3 que fueron 26 choques entre veh\u00edculos, cuatro contra objetos fijos, dos atropellamientos, un volcamiento, una ca\u00edda de pasajero y una salida de camino.<\/div>\n<div dir=\"auto\"><\/div>\n<div dir=\"auto\">S\u00e1nchez Vel\u00e1zquez enfatiz\u00f3 que se atacan las causas que generan incidencia de accidente al amonestar a 629 conductores que no acataron sem\u00e1foros y 67 altos fijos.<\/div>\n<div dir=\"auto\"><\/div>\n<div dir=\"auto\">Exhort\u00f3 a los automovilistas a sumarse a la campa\u00f1a preventiva que impulsa el Ayuntamiento de Hermosillo #AgarraLaOnda con el fin de que conductores y peatones lleguen con bien a su destino.<\/div>\n","protected":false},"excerpt":{"rendered":"<p>Hermosillo, Sonora a 07 de abril del 2025.-\u00a0Del 31 de marzo al 06 de abril el departamento de Tr\u00e1nsito sorprendi\u00f3 a 227 personas bajo el consumo de alcohol y a 614 en exceso de velocidad. David S\u00e1nchez Vel\u00e1zquez detall\u00f3 que en el Dispositivo de Evaluaci\u00f3n y Control de Tr\u00e1nsito se detectaron a 172 conductores con [&hellip;]<\/p>\n","protected":false},"author":2,"featured_media":214246,"comment_status":"closed","ping_status":"closed","sticky":false,"template":"","format":"standard","meta":{"footnotes":""},"categories":[12870,178],"tags":[12865,12869],"class_list":["post-214245","post","type-post","status-publish","format-standard","has-post-thumbnail","hentry","category-destacadas","category-local","tag-destacadas","tag-local"],"jetpack_featured_media_url":"https:\/\/rnoticias.com.mx\/Portal\/wp-content\/uploads\/2025\/04\/20250407_105948-scaled.jpg","amp_enabled":true,"_links":{"self":[{"href":"https:\/\/rnoticias.com.mx\/Portal\/wp-json\/wp\/v2\/posts\/214245","targetHints":{"allow":["GET"]}}],"collection":[{"href":"https:\/\/rnoticias.com.mx\/Portal\/wp-json\/wp\/v2\/posts"}],"about":[{"href":"https:\/\/rnoticias.com.mx\/Portal\/wp-json\/wp\/v2\/types\/post"}],"author":[{"embeddable":true,"href":"https:\/\/rnoticias.com.mx\/Portal\/wp-json\/wp\/v2\/users\/2"}],"replies":[{"embeddable":true,"href":"https:\/\/rnoticias.com.mx\/Portal\/wp-json\/wp\/v2\/comments?post=214245"}],"version-history":[{"count":1,"href":"https:\/\/rnoticias.com.mx\/Portal\/wp-json\/wp\/v2\/posts\/214245\/revisions"}],"predecessor-version":[{"id":214247,"href":"https:\/\/rnoticias.com.mx\/Portal\/wp-json\/wp\/v2\/posts\/214245\/revisions\/214247"}],"wp:featuredmedia":[{"embeddable":true,"href":"https:\/\/rnoticias.com.mx\/Portal\/wp-json\/wp\/v2\/media\/214246"}],"wp:attachment":[{"href":"https:\/\/rnoticias.com.mx\/Portal\/wp-json\/wp\/v2\/media?parent=214245"}],"wp:term":[{"taxonomy":"category","embeddable":true,"href":"https:\/\/rnoticias.com.mx\/Portal\/wp-json\/wp\/v2\/categories?post=214245"},{"taxonomy":"post_tag","embeddable":true,"href":"https:\/\/rnoticias.com.mx\/Portal\/wp-json\/wp\/v2\/tags?post=214245"}],"curies":[{"name":"wp","href":"https:\/\/api.w.org\/{rel}","templated":true}]}}