{"id":214239,"date":"2025-04-08T02:16:48","date_gmt":"2025-04-08T02:16:48","guid":{"rendered":"https:\/\/rnoticias.com.mx\/Portal\/?p=214239"},"modified":"2025-04-08T02:16:48","modified_gmt":"2025-04-08T02:16:48","slug":"avanza-iee-sonora-en-organizacion-de-la-eleccion-judicial","status":"publish","type":"post","link":"https:\/\/rnoticias.com.mx\/Portal\/2025\/04\/08\/avanza-iee-sonora-en-organizacion-de-la-eleccion-judicial\/","title":{"rendered":"Avanza IEE Sonora en organizaci\u00f3n de la elecci\u00f3n judicial"},"content":{"rendered":"<p style=\"font-weight: 400;\">El Instituto Estatal Electoral y de Participaci\u00f3n Ciudadana (IEE Sonora) se encuentra en la fase final de preparaci\u00f3n para la Jornada Electoral Extraordinaria del Poder Judicial del Estado, que se celebrar\u00e1 el pr\u00f3ximo 1 de junio. As\u00ed lo dio a conocer el consejero presidente, Nery Ruiz Arvizu, en entrevista radiof\u00f3nica.<\/p>\n<p style=\"font-weight: 400;\">\n<p style=\"font-weight: 400;\">Inform\u00f3 que ser\u00e1 esta semana cuando el Consejo General apruebe el listado definitivo de candidaturas, con lo que se completa una etapa clave del proceso; a la par, hay otros Acuerdos operativos que garantizan el avance de cara a las elecciones del 1 de junio.<\/p>\n<p style=\"font-weight: 400;\">\n<p style=\"font-weight: 400;\">Record\u00f3 que en esta elecci\u00f3n se elegir\u00e1n 50 cargos en el Poder Judicial del Estado de Sonora, distribuidos en cuatro elecciones: tres magistraturas del Supremo Tribunal de Justicia del Estado, cinco cargos del Tribunal de Disciplina Judicial, tres magistraturas de los Colegiados de Circuito y 39 cargos de juezas y jueces.<\/p>\n<p style=\"font-weight: 400;\">\n<p style=\"font-weight: 400;\">En relaci\u00f3n con las boletas, el Consejero Presidente detall\u00f3 que aunque son similares a las utilizadas en el proceso federal, presentan particularidades locales. En el caso del Supremo Tribunal de Justicia, por ejemplo, la boleta ser\u00e1 de media carta debido a la menor cantidad de candidaturas, lo que facilitar\u00e1 su uso y comprensi\u00f3n.<\/p>\n<p style=\"font-weight: 400;\">\n<p style=\"font-weight: 400;\">Como parte de la transparencia del proceso, se prepara el lanzamiento de la plataforma \u201cCon\u00f3celes\u201d Candidatas y Candidatos del Poder Judicial, que estar\u00e1 disponible a partir del 29 de abril, fecha en la que inician las campa\u00f1as locales. En ella, la ciudadan\u00eda podr\u00e1 consultar los perfiles de aproximadamente 120 personas que competir\u00e1n por los distintos cargos judiciales.<\/p>\n<p style=\"font-weight: 400;\">\n<p style=\"font-weight: 400;\">Respecto a las campa\u00f1as, el IEE Sonora est\u00e1 por aprobar los topes de gastos y los lineamientos que regir\u00e1n la contienda, en coordinaci\u00f3n con el Instituto Nacional Electoral (INE), y se establecen reglas claras como evitar la violencia pol\u00edtica contra las mujeres en raz\u00f3n de g\u00e9nero, no pueden contratar espacios en radio y televisi\u00f3n, recibir financiamiento p\u00fablico, ni privado, entre otros.<\/p>\n<p style=\"font-weight: 400;\">\n<p style=\"font-weight: 400;\">\u201cLas candidatas y candidatos podr\u00e1n realizar campa\u00f1as en territorio, acudir a eventos organizados por c\u00e1maras o colegios profesionales, siempre y cuando se respete el principio de equidad y se garantice la participaci\u00f3n de todas las personas postuladas en igualdad de condiciones\u201d, explic\u00f3.<\/p>\n<p style=\"font-weight: 400;\">\n<p style=\"font-weight: 400;\">En cuanto a la organizaci\u00f3n de la jornada electoral, se prev\u00e9 la instalaci\u00f3n de m\u00e1s de mil 900 casillas, para lo cual se requerir\u00e1 la participaci\u00f3n de cerca de 18 mil 700 personas funcionarias de casilla, reclutadas por el INE. Por parte del IEE, m\u00e1s de dos 700 personas colaborar\u00e1n directamente en este esfuerzo democr\u00e1tico.<\/p>\n<p style=\"font-weight: 400;\">\n<p style=\"font-weight: 400;\">Finalmente, Ruiz Arvizu hizo un llamado a la ciudadan\u00eda a participar activamente en esta elecci\u00f3n in\u00e9dita. \u201cEl reto m\u00e1s importante es la participaci\u00f3n. Invitamos a todas y todos a salir a votar, a elegir a quienes habr\u00e1n de impartir justicia en Sonora. La decisi\u00f3n est\u00e1 en manos de la ciudadan\u00eda\u201d, concluy\u00f3.<\/p>\n","protected":false},"excerpt":{"rendered":"<p>El Instituto Estatal Electoral y de Participaci\u00f3n Ciudadana (IEE Sonora) se encuentra en la fase final de preparaci\u00f3n para la Jornada Electoral Extraordinaria del Poder Judicial del Estado, que se celebrar\u00e1 el pr\u00f3ximo 1 de junio. As\u00ed lo dio a conocer el consejero presidente, Nery Ruiz Arvizu, en entrevista radiof\u00f3nica. Inform\u00f3 que ser\u00e1 esta semana [&hellip;]<\/p>\n","protected":false},"author":2,"featured_media":214240,"comment_status":"closed","ping_status":"closed","sticky":false,"template":"","format":"standard","meta":{"footnotes":""},"categories":[12870,178],"tags":[12865,12869],"class_list":["post-214239","post","type-post","status-publish","format-standard","has-post-thumbnail","hentry","category-destacadas","category-local","tag-destacadas","tag-local"],"jetpack_featured_media_url":"https:\/\/rnoticias.com.mx\/Portal\/wp-content\/uploads\/2025\/04\/Consejero-presidente-Nery-Ruiz-1.jpg","amp_enabled":true,"_links":{"self":[{"href":"https:\/\/rnoticias.com.mx\/Portal\/wp-json\/wp\/v2\/posts\/214239","targetHints":{"allow":["GET"]}}],"collection":[{"href":"https:\/\/rnoticias.com.mx\/Portal\/wp-json\/wp\/v2\/posts"}],"about":[{"href":"https:\/\/rnoticias.com.mx\/Portal\/wp-json\/wp\/v2\/types\/post"}],"author":[{"embeddable":true,"href":"https:\/\/rnoticias.com.mx\/Portal\/wp-json\/wp\/v2\/users\/2"}],"replies":[{"embeddable":true,"href":"https:\/\/rnoticias.com.mx\/Portal\/wp-json\/wp\/v2\/comments?post=214239"}],"version-history":[{"count":1,"href":"https:\/\/rnoticias.com.mx\/Portal\/wp-json\/wp\/v2\/posts\/214239\/revisions"}],"predecessor-version":[{"id":214241,"href":"https:\/\/rnoticias.com.mx\/Portal\/wp-json\/wp\/v2\/posts\/214239\/revisions\/214241"}],"wp:featuredmedia":[{"embeddable":true,"href":"https:\/\/rnoticias.com.mx\/Portal\/wp-json\/wp\/v2\/media\/214240"}],"wp:attachment":[{"href":"https:\/\/rnoticias.com.mx\/Portal\/wp-json\/wp\/v2\/media?parent=214239"}],"wp:term":[{"taxonomy":"category","embeddable":true,"href":"https:\/\/rnoticias.com.mx\/Portal\/wp-json\/wp\/v2\/categories?post=214239"},{"taxonomy":"post_tag","embeddable":true,"href":"https:\/\/rnoticias.com.mx\/Portal\/wp-json\/wp\/v2\/tags?post=214239"}],"curies":[{"name":"wp","href":"https:\/\/api.w.org\/{rel}","templated":true}]}}