{"id":214233,"date":"2025-04-08T01:57:37","date_gmt":"2025-04-08T01:57:37","guid":{"rendered":"https:\/\/rnoticias.com.mx\/Portal\/?p=214233"},"modified":"2025-04-08T01:57:37","modified_gmt":"2025-04-08T01:57:37","slug":"gobernador-durazo-convierte-al-mirador-de-la-cruz-del-diablo-en-destino-atractivo-esta-semana-santa-en-sonora","status":"publish","type":"post","link":"https:\/\/rnoticias.com.mx\/Portal\/2025\/04\/08\/gobernador-durazo-convierte-al-mirador-de-la-cruz-del-diablo-en-destino-atractivo-esta-semana-santa-en-sonora\/","title":{"rendered":"Gobernador Durazo convierte al Mirador de la Cruz del Diablo en destino atractivo esta Semana Santa en Sonora"},"content":{"rendered":"<p>Hermosillo, Sonora; 7 de abril de 2025.- Sonora se ha consolidado como uno de los destinos m\u00e1s atractivos para visitar en esta Semana Santa, al contar con sitios reconocidos por su belleza natural, como el mirador esc\u00e9nico de la Cruz del Diablo, rescatado por el gobierno del estado, asever\u00f3 el gobernador Alfonso Durazo Monta\u00f1o.<\/p>\n<p>El jefe del Ejecutivo estatal enfatiz\u00f3 que, para la remodelaci\u00f3n del mirador, se destin\u00f3 una inversi\u00f3n superior a los cinco millones 900 mil pesos, instalaciones que ya se encuentran listas para recibir a miles de familias en las pr\u00f3ximas vacaciones, quienes podr\u00e1n disfrutar de la belleza incomparable que regala la Sierra de Sonora.<\/p>\n<p>&#8220;Estamos rescatando y fortaleciendo nuestros destinos tur\u00edsticos m\u00e1s emblem\u00e1ticos, en el caso de la Cruz del Diablo es un sitio excepcional que se ubica en el coraz\u00f3n de la Sierra sonorense, aqu\u00ed donde se conjugan nuestras ra\u00edces y la esencia de nuestros pueblos, lo convierten en un lugar extraordinario para acudir en familia esta Semana Santa&#8221;, subray\u00f3.<\/p>\n<p>Los trabajos de rehabilitaci\u00f3n se realizaron en la plaza central, con escaleras, \u00e1rea de estacionamiento, m\u00f3dulo de informaci\u00f3n, ba\u00f1os p\u00fablicos, proyecto de iluminaci\u00f3n, mobiliario urbano, se\u00f1alizaci\u00f3n y paisajismo.<\/p>\n","protected":false},"excerpt":{"rendered":"<p>Hermosillo, Sonora; 7 de abril de 2025.- Sonora se ha consolidado como uno de los destinos m\u00e1s atractivos para visitar en esta Semana Santa, al contar con sitios reconocidos por su belleza natural, como el mirador esc\u00e9nico de la Cruz del Diablo, rescatado por el gobierno del estado, asever\u00f3 el gobernador Alfonso Durazo Monta\u00f1o. El [&hellip;]<\/p>\n","protected":false},"author":2,"featured_media":214234,"comment_status":"closed","ping_status":"closed","sticky":false,"template":"","format":"standard","meta":{"footnotes":""},"categories":[12870,178],"tags":[12865,12869],"class_list":["post-214233","post","type-post","status-publish","format-standard","has-post-thumbnail","hentry","category-destacadas","category-local","tag-destacadas","tag-local"],"jetpack_featured_media_url":"https:\/\/rnoticias.com.mx\/Portal\/wp-content\/uploads\/2025\/04\/unnamed-2-4.jpg","amp_enabled":true,"_links":{"self":[{"href":"https:\/\/rnoticias.com.mx\/Portal\/wp-json\/wp\/v2\/posts\/214233","targetHints":{"allow":["GET"]}}],"collection":[{"href":"https:\/\/rnoticias.com.mx\/Portal\/wp-json\/wp\/v2\/posts"}],"about":[{"href":"https:\/\/rnoticias.com.mx\/Portal\/wp-json\/wp\/v2\/types\/post"}],"author":[{"embeddable":true,"href":"https:\/\/rnoticias.com.mx\/Portal\/wp-json\/wp\/v2\/users\/2"}],"replies":[{"embeddable":true,"href":"https:\/\/rnoticias.com.mx\/Portal\/wp-json\/wp\/v2\/comments?post=214233"}],"version-history":[{"count":1,"href":"https:\/\/rnoticias.com.mx\/Portal\/wp-json\/wp\/v2\/posts\/214233\/revisions"}],"predecessor-version":[{"id":214235,"href":"https:\/\/rnoticias.com.mx\/Portal\/wp-json\/wp\/v2\/posts\/214233\/revisions\/214235"}],"wp:featuredmedia":[{"embeddable":true,"href":"https:\/\/rnoticias.com.mx\/Portal\/wp-json\/wp\/v2\/media\/214234"}],"wp:attachment":[{"href":"https:\/\/rnoticias.com.mx\/Portal\/wp-json\/wp\/v2\/media?parent=214233"}],"wp:term":[{"taxonomy":"category","embeddable":true,"href":"https:\/\/rnoticias.com.mx\/Portal\/wp-json\/wp\/v2\/categories?post=214233"},{"taxonomy":"post_tag","embeddable":true,"href":"https:\/\/rnoticias.com.mx\/Portal\/wp-json\/wp\/v2\/tags?post=214233"}],"curies":[{"name":"wp","href":"https:\/\/api.w.org\/{rel}","templated":true}]}}