{"id":214227,"date":"2025-04-08T01:55:15","date_gmt":"2025-04-08T01:55:15","guid":{"rendered":"https:\/\/rnoticias.com.mx\/Portal\/?p=214227"},"modified":"2025-04-08T01:55:15","modified_gmt":"2025-04-08T01:55:15","slug":"brilla-pabellon-minero-infantil-en-expo-minera-2025","status":"publish","type":"post","link":"https:\/\/rnoticias.com.mx\/Portal\/2025\/04\/08\/brilla-pabellon-minero-infantil-en-expo-minera-2025\/","title":{"rendered":"Brilla Pabell\u00f3n Minero Infantil en Expo Minera 2025"},"content":{"rendered":"<p class=\"x_MsoNormal\" data-olk-copy-source=\"MessageBody\">Hermosillo Sonora; abril 7 de 2025.- El uso de los minerales en la vida diaria, as\u00ed como diferentes procesos de la miner\u00eda, disfrutaron ni\u00f1as, ni\u00f1os, docentes y familias, durante la visita al Pabell\u00f3n Minero Infantil, durante la Expo Minera Cananea 2025.<\/p>\n<p class=\"x_MsoNormal\" aria-hidden=\"true\">\n<p class=\"x_MsoNormal\">Elizabeth Araux S\u00e1nchez, fundadora del Pabell\u00f3n Minero Infantil, coment\u00f3 que la actividad que se llev\u00f3 a cabo en la Casa de la Cultura de Cananea y en la que se atendi\u00f3 a mil 688 personas, es el resultado de un trabajo colaborativo de la Asociaci\u00f3n de Mineros de Sonora (AMSAC) con la Asociaci\u00f3n de Ingenieros de Minas, Metalurgistas y Ge\u00f3logos de M\u00e9xico (AIMMGM) Distrito Sonora.<\/p>\n<p class=\"x_MsoNormal\" aria-hidden=\"true\">\n<p class=\"x_MsoNormal\">Explic\u00f3 que el objetivo de este programa educativo es el de promover la ciencia, de una manera interactiva, en el que ni\u00f1as, ni\u00f1os y adolescentes viven la experiencia de entrar a una mina subterranea, y conocen los procesos que se llevan a cabo en la producci\u00f3n de minerales.<\/p>\n<p class=\"x_MsoNormal\" aria-hidden=\"true\">\n<p class=\"x_MsoNormal\">Durante el recorrido, detall\u00f3 Araux S\u00e1nchez, \u201cprimeramente se les proporciona equipo de protecci\u00f3n personal; observan un video en el que se les explica lo que es la miner\u00eda; su operaci\u00f3n, el cuidado del agua y el medio ambiente\u201d.<\/p>\n<p class=\"x_MsoNormal\" aria-hidden=\"true\">\n<p class=\"x_MsoNormal\">Tambi\u00e9n, agreg\u00f3, acceden al \u00e1rea de exploraci\u00f3n; visitan la mina; aprenden sobre el uso de los minerales en la vida diaria; la f\u00e1brica de cristales y la toma de fotograf\u00edas en siluetas de profesionistas del sector minero con equidad de g\u00e9nero, como lo es, ge\u00f3logos y ge\u00f3logas, mineros y mineras y metalurgistas.<\/p>\n<p class=\"x_MsoNormal\" aria-hidden=\"true\">\n<p class=\"x_MsoNormal\">Araux S\u00e1nchez, agradeci\u00f3 la entrega, dedicaci\u00f3n y compromiso de estudiantes de la carrera Ingeniero Minero de la Universidad de Sonora, quienes de manera voluntaria gu\u00edan y atienden en las diferentes \u00e1reas el Pabell\u00f3n Minero Infantil. As\u00ed tambi\u00e9n reconoci\u00f3 el apoyo de Esmeralda Gonz\u00e1lez Tapia, presidenta municipal de Cananea; y de Jorge Flores, director de la Casa de la Cultura, por las facilidades otorgadas.<\/p>\n<p class=\"x_MsoNormal\" aria-hidden=\"true\">\n<p class=\"x_MsoNormal\"><b>Viven la experiencia<\/b><\/p>\n<p class=\"x_MsoNormal\">Por su parte, Dilan, de 7 a\u00f1os de edad, calific\u00f3 como muy divertida la experiencia de visitar el Pabell\u00f3n Minero Infantil, \u201caprend\u00ed mucho la f\u00e1brica de cristales. Diamante, cuarzo. Adem\u00e1s del oro, cobre, esmeralda y grafito\u201d.<\/p>\n<p class=\"x_MsoNormal\" aria-hidden=\"true\">\n<p class=\"x_MsoNormal\">Manuel, padre de familia y profesionista del sector minero, acompa\u00f1ado de su esposa y sus suegros, llev\u00f3 a sus dos hijos a que recorrieran el Pabell\u00f3n Minero Infantil, \u201cde una manera m\u00e1s interactiva ellos conocen lo que sus pap\u00e1s hacen en la mina\u201d.<\/p>\n","protected":false},"excerpt":{"rendered":"<p>Hermosillo Sonora; abril 7 de 2025.- El uso de los minerales en la vida diaria, as\u00ed como diferentes procesos de la miner\u00eda, disfrutaron ni\u00f1as, ni\u00f1os, docentes y familias, durante la visita al Pabell\u00f3n Minero Infantil, durante la Expo Minera Cananea 2025. Elizabeth Araux S\u00e1nchez, fundadora del Pabell\u00f3n Minero Infantil, coment\u00f3 que la actividad que se [&hellip;]<\/p>\n","protected":false},"author":2,"featured_media":214228,"comment_status":"closed","ping_status":"closed","sticky":false,"template":"","format":"standard","meta":{"footnotes":""},"categories":[12870,178],"tags":[12865,12869],"class_list":["post-214227","post","type-post","status-publish","format-standard","has-post-thumbnail","hentry","category-destacadas","category-local","tag-destacadas","tag-local"],"jetpack_featured_media_url":"https:\/\/rnoticias.com.mx\/Portal\/wp-content\/uploads\/2025\/04\/6.jpeg","amp_enabled":true,"_links":{"self":[{"href":"https:\/\/rnoticias.com.mx\/Portal\/wp-json\/wp\/v2\/posts\/214227","targetHints":{"allow":["GET"]}}],"collection":[{"href":"https:\/\/rnoticias.com.mx\/Portal\/wp-json\/wp\/v2\/posts"}],"about":[{"href":"https:\/\/rnoticias.com.mx\/Portal\/wp-json\/wp\/v2\/types\/post"}],"author":[{"embeddable":true,"href":"https:\/\/rnoticias.com.mx\/Portal\/wp-json\/wp\/v2\/users\/2"}],"replies":[{"embeddable":true,"href":"https:\/\/rnoticias.com.mx\/Portal\/wp-json\/wp\/v2\/comments?post=214227"}],"version-history":[{"count":1,"href":"https:\/\/rnoticias.com.mx\/Portal\/wp-json\/wp\/v2\/posts\/214227\/revisions"}],"predecessor-version":[{"id":214229,"href":"https:\/\/rnoticias.com.mx\/Portal\/wp-json\/wp\/v2\/posts\/214227\/revisions\/214229"}],"wp:featuredmedia":[{"embeddable":true,"href":"https:\/\/rnoticias.com.mx\/Portal\/wp-json\/wp\/v2\/media\/214228"}],"wp:attachment":[{"href":"https:\/\/rnoticias.com.mx\/Portal\/wp-json\/wp\/v2\/media?parent=214227"}],"wp:term":[{"taxonomy":"category","embeddable":true,"href":"https:\/\/rnoticias.com.mx\/Portal\/wp-json\/wp\/v2\/categories?post=214227"},{"taxonomy":"post_tag","embeddable":true,"href":"https:\/\/rnoticias.com.mx\/Portal\/wp-json\/wp\/v2\/tags?post=214227"}],"curies":[{"name":"wp","href":"https:\/\/api.w.org\/{rel}","templated":true}]}}