{"id":214224,"date":"2025-04-08T01:54:19","date_gmt":"2025-04-08T01:54:19","guid":{"rendered":"https:\/\/rnoticias.com.mx\/Portal\/?p=214224"},"modified":"2025-04-08T01:54:19","modified_gmt":"2025-04-08T01:54:19","slug":"ine-sonora-boletin-local-realizan-los-7-consejos-y-juntas-distritales-ejecutivas-de-ine-sonora-designacion-de-cargos-a-funcionarios-de-mesas-directivas-de-casilla-seccionales-para-el-peepjf-2024-2025","status":"publish","type":"post","link":"https:\/\/rnoticias.com.mx\/Portal\/2025\/04\/08\/ine-sonora-boletin-local-realizan-los-7-consejos-y-juntas-distritales-ejecutivas-de-ine-sonora-designacion-de-cargos-a-funcionarios-de-mesas-directivas-de-casilla-seccionales-para-el-peepjf-2024-2025\/","title":{"rendered":"INE Sonora Bolet\u00edn Local Realizan los 7 consejos y juntas distritales ejecutivas de INE Sonora designaci\u00f3n de cargos a funcionarios de Mesas Directivas de Casilla Seccionales para el PEEPJF 2024-2025"},"content":{"rendered":"<p class=\"x_MsoNormal\"><span data-olk-copy-source=\"MessageBody\">La Juta Local Ejecutiva del\u00a0<\/span>Instituto Nacional Electoral (INE) en Sonora\u00a0inform\u00f3 que, este lunes 7 de abril, en sesi\u00f3n extraordinaria conjunta de Junta Distrital y Consejo Distrital\u00a0del Instituto, se realiz\u00f3 la Segunda Insaculaci\u00f3n,\u00a0sorteo de las y los ciudadanos, mediante el cual se designan los cargos del funcionariado que conformar\u00e1 las Mesas Directivas de Casilla Seccionales (MCS) en la jornada electoral del 1 de junio de 2025.<\/p>\n<p class=\"x_MsoNormal\">La Segunda Insaculaci\u00f3n se llev\u00f3 a cabo simult\u00e1neamente en las siete sedes del INE en Sonora, y se realiza en orden alfab\u00e9tico para designar a las y los ciudadanos que integrar\u00e1n las MDCS,\u00a0de acuerdo con el nivel de escolaridad,\u00a0y el cumplimiento de los requisitos legales, a partir de la letra \u201cJ\u201d, letra seleccionada mediante sorteo el pasado 5 de febrero en sesi\u00f3n del Consejo General del INE.<\/p>\n<p class=\"x_MsoNormal\">La\u00a0asignaci\u00f3n de cargos se realiz\u00f3 designando primero\u00a0a los presidentes; luego a los primeros secretarios, los segundos secretarios; se continu\u00f3 con los primeros escrutadores, los segundos escrutadores y, finalmente, a los suplentes generales, para cada Casilla Seccional de cada secci\u00f3n electoral.<\/p>\n<p class=\"x_MsoNormal\">Los resultados de la designaci\u00f3n de ciudadanas y ciudadanos como funcionarios de casilla seccional en la entidad fue el siguiente:<\/p>\n<div align=\"center\">\n<table class=\"x_MsoTableGrid\" border=\"1\" cellspacing=\"0\" cellpadding=\"0\">\n<tbody>\n<tr>\n<td width=\"104\">\n<p class=\"x_MsoNormal\" align=\"center\"><b>Distrito<\/b><\/p>\n<\/td>\n<td width=\"191\">\n<p class=\"x_MsoNormal\" align=\"center\"><b>Cabecera<\/b><\/p>\n<\/td>\n<td width=\"147\">\n<p class=\"x_MsoNormal\" align=\"center\"><b>Funcionarios designados<\/b><\/p>\n<\/td>\n<\/tr>\n<tr>\n<td width=\"104\">\n<p class=\"x_MsoNormal\" align=\"center\">01<\/p>\n<\/td>\n<td width=\"191\">\n<p class=\"x_MsoNormal\">San Luis R\u00edo Colorado<\/p>\n<\/td>\n<td width=\"147\">\n<p class=\"x_MsoNormal\" align=\"center\">2,472<\/p>\n<\/td>\n<\/tr>\n<tr>\n<td width=\"104\">\n<p class=\"x_MsoNormal\" align=\"center\">02<\/p>\n<\/td>\n<td width=\"191\">\n<p class=\"x_MsoNormal\">Nogales<\/p>\n<\/td>\n<td width=\"147\">\n<p class=\"x_MsoNormal\" align=\"center\">2,894<\/p>\n<\/td>\n<\/tr>\n<tr>\n<td width=\"104\">\n<p class=\"x_MsoNormal\" align=\"center\">03<\/p>\n<\/td>\n<td width=\"191\">\n<p class=\"x_MsoNormal\">Hermosillo Norte<\/p>\n<\/td>\n<td width=\"147\">\n<p class=\"x_MsoNormal\" align=\"center\">2,631<\/p>\n<\/td>\n<\/tr>\n<tr>\n<td width=\"104\">\n<p class=\"x_MsoNormal\" align=\"center\">04<\/p>\n<\/td>\n<td width=\"191\">\n<p class=\"x_MsoNormal\">Guaymas<\/p>\n<\/td>\n<td width=\"147\">\n<p class=\"x_MsoNormal\" align=\"center\">2,893<\/p>\n<\/td>\n<\/tr>\n<tr>\n<td width=\"104\">\n<p class=\"x_MsoNormal\" align=\"center\">05<\/p>\n<\/td>\n<td width=\"191\">\n<p class=\"x_MsoNormal\">Hermosillo Sur<\/p>\n<\/td>\n<td width=\"147\">\n<p class=\"x_MsoNormal\" align=\"center\">2,756<\/p>\n<\/td>\n<\/tr>\n<tr>\n<td width=\"104\">\n<p class=\"x_MsoNormal\" align=\"center\">06<\/p>\n<\/td>\n<td width=\"191\">\n<p class=\"x_MsoNormal\">Ciudad Obreg\u00f3n<\/p>\n<\/td>\n<td width=\"147\">\n<p class=\"x_MsoNormal\" align=\"center\">2,796<\/p>\n<\/td>\n<\/tr>\n<tr>\n<td width=\"104\">\n<p class=\"x_MsoNormal\" align=\"center\">07<\/p>\n<\/td>\n<td width=\"191\">\n<p class=\"x_MsoNormal\">Navojoa<\/p>\n<\/td>\n<td width=\"147\">\n<p class=\"x_MsoNormal\" align=\"center\">2,278<\/p>\n<\/td>\n<\/tr>\n<tr>\n<td colspan=\"2\" width=\"294\">\n<p class=\"x_MsoNormal\" align=\"right\"><b>Total<\/b><b><\/b><\/p>\n<\/td>\n<td width=\"147\">\n<p class=\"x_MsoNormal\" align=\"center\"><b>18,720<\/b><\/p>\n<\/td>\n<\/tr>\n<\/tbody>\n<\/table>\n<\/div>\n<p class=\"x_MsoNormal\">El proceso de designaci\u00f3n de 18 mil 720 funcionarios y funcionarias, se realiz\u00f3 mediante un sorteo de entre los 32 mil 566 sonorenses elegidos en la primera insaculaci\u00f3n y de lista nominal de electores, que recibieron la capacitaci\u00f3n inicial y cumplieron con los requisitos de ley (aptos).<\/p>\n<p class=\"x_MsoNormal\">Ver\u00f3nica Sandoval Casta\u00f1eda, Vocal Ejecutiva de la Junta Local del INE en Sonora, inform\u00f3 que a partir del 8 de abril, las 7 juntas distritales ejecutivas iniciar\u00e1n con la impresi\u00f3n de los nombramientos,\u00a0documento oficial que faculta a las personas para constituirse en autoridad electoral, para entregar las boletas electorales y recibir los votos de la ciudadan\u00eda el d\u00eda de la Jornada Electoral, que incluye la protesta de ley, con lo cual se formaliza el cargo a desempe\u00f1ar.<\/p>\n<p class=\"x_MsoNormal\">Del 9 de abril y hasta el 31 de mayo, las y los Capacitadores Asistentes Electorales (CAE)\u00a0visitar\u00e1n a las personas insaculadas\u00a0para entregarles su nombramiento,\u00a0y proporcionarles la segunda capacitaci\u00f3n de las actividades que desempe\u00f1ar\u00e1n,\u00a0as\u00ed como invitarlos a los simulacros de la Jornada Electoral para que conozcan los materiales, formatos y boletas a utilizar el 1 de junio pr\u00f3ximo.<\/p>\n<p class=\"x_MsoNormal\">Sandoval Casta\u00f1eda,\u00a0en el seguimiento a la segunda insaculaci\u00f3n,\u00a0enfatiz\u00f3 que en esta segunda etapa de capacitaci\u00f3n se busca garantizar que las y los funcionarios de las MDCS adquieran los conocimientos pr\u00e1cticos y te\u00f3ricos necesarios para desempe\u00f1ar adecuadamente sus funciones el d\u00eda de la Jornada Electoral.<\/p>\n","protected":false},"excerpt":{"rendered":"<p>La Juta Local Ejecutiva del\u00a0Instituto Nacional Electoral (INE) en Sonora\u00a0inform\u00f3 que, este lunes 7 de abril, en sesi\u00f3n extraordinaria conjunta de Junta Distrital y Consejo Distrital\u00a0del Instituto, se realiz\u00f3 la Segunda Insaculaci\u00f3n,\u00a0sorteo de las y los ciudadanos, mediante el cual se designan los cargos del funcionariado que conformar\u00e1 las Mesas Directivas de Casilla Seccionales (MCS) [&hellip;]<\/p>\n","protected":false},"author":2,"featured_media":214225,"comment_status":"closed","ping_status":"closed","sticky":false,"template":"","format":"standard","meta":{"footnotes":""},"categories":[12870,178],"tags":[12865,12869],"class_list":["post-214224","post","type-post","status-publish","format-standard","has-post-thumbnail","hentry","category-destacadas","category-local","tag-destacadas","tag-local"],"jetpack_featured_media_url":"https:\/\/rnoticias.com.mx\/Portal\/wp-content\/uploads\/2025\/04\/Sonora-Bol-19-Hermosillo-Sur-05.jpg","amp_enabled":true,"_links":{"self":[{"href":"https:\/\/rnoticias.com.mx\/Portal\/wp-json\/wp\/v2\/posts\/214224","targetHints":{"allow":["GET"]}}],"collection":[{"href":"https:\/\/rnoticias.com.mx\/Portal\/wp-json\/wp\/v2\/posts"}],"about":[{"href":"https:\/\/rnoticias.com.mx\/Portal\/wp-json\/wp\/v2\/types\/post"}],"author":[{"embeddable":true,"href":"https:\/\/rnoticias.com.mx\/Portal\/wp-json\/wp\/v2\/users\/2"}],"replies":[{"embeddable":true,"href":"https:\/\/rnoticias.com.mx\/Portal\/wp-json\/wp\/v2\/comments?post=214224"}],"version-history":[{"count":1,"href":"https:\/\/rnoticias.com.mx\/Portal\/wp-json\/wp\/v2\/posts\/214224\/revisions"}],"predecessor-version":[{"id":214226,"href":"https:\/\/rnoticias.com.mx\/Portal\/wp-json\/wp\/v2\/posts\/214224\/revisions\/214226"}],"wp:featuredmedia":[{"embeddable":true,"href":"https:\/\/rnoticias.com.mx\/Portal\/wp-json\/wp\/v2\/media\/214225"}],"wp:attachment":[{"href":"https:\/\/rnoticias.com.mx\/Portal\/wp-json\/wp\/v2\/media?parent=214224"}],"wp:term":[{"taxonomy":"category","embeddable":true,"href":"https:\/\/rnoticias.com.mx\/Portal\/wp-json\/wp\/v2\/categories?post=214224"},{"taxonomy":"post_tag","embeddable":true,"href":"https:\/\/rnoticias.com.mx\/Portal\/wp-json\/wp\/v2\/tags?post=214224"}],"curies":[{"name":"wp","href":"https:\/\/api.w.org\/{rel}","templated":true}]}}