{"id":214208,"date":"2025-04-07T17:54:11","date_gmt":"2025-04-07T17:54:11","guid":{"rendered":"https:\/\/rnoticias.com.mx\/Portal\/?p=214208"},"modified":"2025-04-07T17:54:11","modified_gmt":"2025-04-07T17:54:11","slug":"gobierno-de-naco-sonora-arranca-operativo-semana-santa-seguro-2025","status":"publish","type":"post","link":"https:\/\/rnoticias.com.mx\/Portal\/2025\/04\/07\/gobierno-de-naco-sonora-arranca-operativo-semana-santa-seguro-2025\/","title":{"rendered":"Gobierno de Naco, Sonora arranca operativo Semana Santa Seguro 2025"},"content":{"rendered":"<p>Da banderazo el alcalde de Naco, Sonora, Lorenzo Villegas, con motivo del operativo Semana Santa Seguro 2025 y del cual se pretende culminar este per\u00edodo con saldo blanco.<\/p>\n<p>&nbsp;<\/p>\n<p>El presidente municipio de ese municipio fronterizo con Estados Unidos, estuvo acompa\u00f1ado de autoridades de varias dependencias que tambi\u00e9n participar\u00e1n en est\u00e9 operativo 2025 de Semana Santa.<\/p>\n<p>&nbsp;<\/p>\n<p><strong>\u201cHoy arrancamos con el programa Semana Segura, donde nos preparamos para poder seguir protegiendo a nuestros ciudadanos en esta semana santa.<\/strong><\/p>\n<p><strong>Agradezco a nuestra seguridad p\u00fablica, protecci\u00f3n civil, cuerpo de bomberos, cruz roja mexicana y a los cuerpos de emergencia locales\u201d, dijo.<\/strong><\/p>\n<p>&nbsp;<\/p>\n<p>De la misma forma, el alcalde de Naco, Sonora agradeci\u00f3 tambi\u00e9n la participaci\u00f3n en este operativo especial a los miembros de la Mesa de Seguridad para la Construcci\u00f3n de la Paz, ya que en esa coordinaci\u00f3n policial y de servicios de emergencia, estar\u00e1n m\u00e1s preparados para proteger a todos sus habitantes as\u00ed como a quienes los visiten.<\/p>\n<p>&nbsp;<\/p>\n<p>&nbsp;<\/p>\n<p>&nbsp;<\/p>\n<p>&nbsp;<\/p>\n<p>&nbsp;<\/p>\n<p>&nbsp;<\/p>\n","protected":false},"excerpt":{"rendered":"<p>Da banderazo el alcalde de Naco, Sonora, Lorenzo Villegas, con motivo del operativo Semana Santa Seguro 2025 y del cual se pretende culminar este per\u00edodo con saldo blanco. &nbsp; El presidente municipio de ese municipio fronterizo con Estados Unidos, estuvo acompa\u00f1ado de autoridades de varias dependencias que tambi\u00e9n participar\u00e1n en est\u00e9 operativo 2025 de Semana [&hellip;]<\/p>\n","protected":false},"author":2,"featured_media":214209,"comment_status":"closed","ping_status":"closed","sticky":false,"template":"","format":"standard","meta":{"footnotes":""},"categories":[12870,174],"tags":[12865,12873],"class_list":["post-214208","post","type-post","status-publish","format-standard","has-post-thumbnail","hentry","category-destacadas","category-estatal","tag-destacadas","tag-estatal"],"jetpack_featured_media_url":"https:\/\/rnoticias.com.mx\/Portal\/wp-content\/uploads\/2025\/04\/eaa3f004-f07c-4367-9c3b-b394d5e79658.jpg","amp_enabled":true,"_links":{"self":[{"href":"https:\/\/rnoticias.com.mx\/Portal\/wp-json\/wp\/v2\/posts\/214208","targetHints":{"allow":["GET"]}}],"collection":[{"href":"https:\/\/rnoticias.com.mx\/Portal\/wp-json\/wp\/v2\/posts"}],"about":[{"href":"https:\/\/rnoticias.com.mx\/Portal\/wp-json\/wp\/v2\/types\/post"}],"author":[{"embeddable":true,"href":"https:\/\/rnoticias.com.mx\/Portal\/wp-json\/wp\/v2\/users\/2"}],"replies":[{"embeddable":true,"href":"https:\/\/rnoticias.com.mx\/Portal\/wp-json\/wp\/v2\/comments?post=214208"}],"version-history":[{"count":1,"href":"https:\/\/rnoticias.com.mx\/Portal\/wp-json\/wp\/v2\/posts\/214208\/revisions"}],"predecessor-version":[{"id":214210,"href":"https:\/\/rnoticias.com.mx\/Portal\/wp-json\/wp\/v2\/posts\/214208\/revisions\/214210"}],"wp:featuredmedia":[{"embeddable":true,"href":"https:\/\/rnoticias.com.mx\/Portal\/wp-json\/wp\/v2\/media\/214209"}],"wp:attachment":[{"href":"https:\/\/rnoticias.com.mx\/Portal\/wp-json\/wp\/v2\/media?parent=214208"}],"wp:term":[{"taxonomy":"category","embeddable":true,"href":"https:\/\/rnoticias.com.mx\/Portal\/wp-json\/wp\/v2\/categories?post=214208"},{"taxonomy":"post_tag","embeddable":true,"href":"https:\/\/rnoticias.com.mx\/Portal\/wp-json\/wp\/v2\/tags?post=214208"}],"curies":[{"name":"wp","href":"https:\/\/api.w.org\/{rel}","templated":true}]}}