{"id":214205,"date":"2025-04-07T17:49:36","date_gmt":"2025-04-07T17:49:36","guid":{"rendered":"https:\/\/rnoticias.com.mx\/Portal\/?p=214205"},"modified":"2025-04-07T17:49:36","modified_gmt":"2025-04-07T17:49:36","slug":"anuncian-reapertura-del-acuario-en-el-centro-ecologico-de-sonora","status":"publish","type":"post","link":"https:\/\/rnoticias.com.mx\/Portal\/2025\/04\/07\/anuncian-reapertura-del-acuario-en-el-centro-ecologico-de-sonora\/","title":{"rendered":"Anuncian reapertura del acuario en el Centro Ecol\u00f3gico de Sonora"},"content":{"rendered":"<p>Despu\u00e9s de permanecer cerrado durante 15 a\u00f1os,\u00a0<strong>el acuario del Centro Ecol\u00f3gico de Sonora en Hermosillo<\/strong>\u00a0reabrir\u00e1 sus puertas al p\u00fablico el\u00a0<strong>pr\u00f3ximo 5 de junio<\/strong>, inform\u00f3<strong>\u00a0Carlos Ernesto Zatarain Gonz\u00e1lez<\/strong>, comisionado ejecutivo del recinto.<\/p>\n<p><strong>Zatarain Gonz\u00e1lez\u00a0<\/strong>explic\u00f3 que el nuevo acuario contar\u00e1 con\u00a0<strong>25 peceras\u00a0<\/strong>que albergar\u00e1n especies propias del\u00a0<strong>Golfo de California<\/strong>, lo que se prev\u00e9 atraer\u00e1 a una gran cantidad de visitantes a este espacio emblem\u00e1tico.<\/p>\n<p><em><strong><span style=\"color: #00b050;\">&#8220;El acuario no va a estar listo para Semana Santa, pero se va a abrir lo que desde hace m\u00e1s de 15 a\u00f1os est\u00e1 cerrado&#8221;<\/span><\/strong><\/em>, declar\u00f3 el funcionario estatal.<\/p>\n<p>Adem\u00e1s de la reapertura del acuario, se llevar\u00e1n a cabo<strong>\u00a0remodelaciones en otras \u00e1reas del Centro Ecol\u00f3gico<\/strong>\u00a0como parte de las actividades por el 40 aniversario del lugar.<\/p>\n<p>Zatarain adelant\u00f3 que pr\u00f3ximamente\u00a0<strong>se dar\u00e1n a conocer las actividades programadas para las vacaciones de Semana Santa<\/strong>, enfocadas en la preservaci\u00f3n de la flora y fauna de Sonora.<\/p>\n<p>&nbsp;<\/p>\n<p>Expreso Hermosillo<\/p>\n","protected":false},"excerpt":{"rendered":"<p>Despu\u00e9s de permanecer cerrado durante 15 a\u00f1os,\u00a0el acuario del Centro Ecol\u00f3gico de Sonora en Hermosillo\u00a0reabrir\u00e1 sus puertas al p\u00fablico el\u00a0pr\u00f3ximo 5 de junio, inform\u00f3\u00a0Carlos Ernesto Zatarain Gonz\u00e1lez, comisionado ejecutivo del recinto. Zatarain Gonz\u00e1lez\u00a0explic\u00f3 que el nuevo acuario contar\u00e1 con\u00a025 peceras\u00a0que albergar\u00e1n especies propias del\u00a0Golfo de California, lo que se prev\u00e9 atraer\u00e1 a una gran cantidad [&hellip;]<\/p>\n","protected":false},"author":2,"featured_media":214206,"comment_status":"closed","ping_status":"closed","sticky":false,"template":"","format":"standard","meta":{"footnotes":""},"categories":[12870,178],"tags":[12865,12869],"class_list":["post-214205","post","type-post","status-publish","format-standard","has-post-thumbnail","hentry","category-destacadas","category-local","tag-destacadas","tag-local"],"jetpack_featured_media_url":"https:\/\/rnoticias.com.mx\/Portal\/wp-content\/uploads\/2025\/04\/image.webp","amp_enabled":true,"_links":{"self":[{"href":"https:\/\/rnoticias.com.mx\/Portal\/wp-json\/wp\/v2\/posts\/214205","targetHints":{"allow":["GET"]}}],"collection":[{"href":"https:\/\/rnoticias.com.mx\/Portal\/wp-json\/wp\/v2\/posts"}],"about":[{"href":"https:\/\/rnoticias.com.mx\/Portal\/wp-json\/wp\/v2\/types\/post"}],"author":[{"embeddable":true,"href":"https:\/\/rnoticias.com.mx\/Portal\/wp-json\/wp\/v2\/users\/2"}],"replies":[{"embeddable":true,"href":"https:\/\/rnoticias.com.mx\/Portal\/wp-json\/wp\/v2\/comments?post=214205"}],"version-history":[{"count":1,"href":"https:\/\/rnoticias.com.mx\/Portal\/wp-json\/wp\/v2\/posts\/214205\/revisions"}],"predecessor-version":[{"id":214207,"href":"https:\/\/rnoticias.com.mx\/Portal\/wp-json\/wp\/v2\/posts\/214205\/revisions\/214207"}],"wp:featuredmedia":[{"embeddable":true,"href":"https:\/\/rnoticias.com.mx\/Portal\/wp-json\/wp\/v2\/media\/214206"}],"wp:attachment":[{"href":"https:\/\/rnoticias.com.mx\/Portal\/wp-json\/wp\/v2\/media?parent=214205"}],"wp:term":[{"taxonomy":"category","embeddable":true,"href":"https:\/\/rnoticias.com.mx\/Portal\/wp-json\/wp\/v2\/categories?post=214205"},{"taxonomy":"post_tag","embeddable":true,"href":"https:\/\/rnoticias.com.mx\/Portal\/wp-json\/wp\/v2\/tags?post=214205"}],"curies":[{"name":"wp","href":"https:\/\/api.w.org\/{rel}","templated":true}]}}