{"id":214199,"date":"2025-04-07T17:40:29","date_gmt":"2025-04-07T17:40:29","guid":{"rendered":"https:\/\/rnoticias.com.mx\/Portal\/?p=214199"},"modified":"2025-04-07T17:40:29","modified_gmt":"2025-04-07T17:40:29","slug":"lucha-dip-jazmin-gomez-para-que-en-sonora-se-establezca-como-rango-constitucional-programa-de-becaterapia","status":"publish","type":"post","link":"https:\/\/rnoticias.com.mx\/Portal\/2025\/04\/07\/lucha-dip-jazmin-gomez-para-que-en-sonora-se-establezca-como-rango-constitucional-programa-de-becaterapia\/","title":{"rendered":"Lucha dip. Jazm\u00edn G\u00f3mez para que en Sonora se establezca como rango constitucional programa de BecaTerapia"},"content":{"rendered":"<p>En el municipio de Guaymas, la diputada local Jazm\u00edn G\u00f3mez Liz\u00e1rraga extern\u00f3 sobre la importancia que en el estado de Sonora se eleve a rango constitucional el programa de BecaTerapia y el cual beneficia a personas con alg\u00fan tipo de discapacidad.<\/p>\n<p>&nbsp;<\/p>\n<p>La legisladora local del Partido del Trabajo, se\u00f1al\u00f3 que ya present\u00f3 esa iniciativa ante el Congreso de Sonora y en el caso de prosperar, se etiqueten recursos para destinarlos a personas con alguna discapacidad y ellos a su vez, acudan a terapias extras a su formaci\u00f3n acad\u00e9mica.<\/p>\n<p>&nbsp;<\/p>\n<p><strong>\u201cIndependientemente del gobierno que venga, de la persona que est\u00e9 al frente, esto ya va ser un derecho constitucional. Fue muy bien recibida en el congreso del estado y yo estoy segura que vamos a contar con el apoyo de los diputados para que este agote el tr\u00e1mite de comisi\u00f3n y sea una realidad para el estado de Sonora\u201d, dijo.<\/strong><\/p>\n<p>&nbsp;<\/p>\n<p>La tambi\u00e9n presidenta de la Comisi\u00f3n de Atenci\u00f3n a Grupos Vulnerables de la Sociedad, manifest\u00f3 que, de concretar ese plan, esos est\u00edmulos econ\u00f3micos que se da a las personas con discapacidad y que tienen la necesidad de una terapia, les ayudar\u00e1 enormemente para reforzar el desarrollo de sus habilidades.<\/p>\n<p>&nbsp;<\/p>\n<p>Finalmente declar\u00f3, que ese programa actualmente cuenta con una bolsa de apoyos de 40 millones de pesos, con lo cual se apoya a m\u00e1s de dos mil personas con alguna discapacidad, pero de elevarse esa propuesta a rango constitucional, ambas cantidades podr\u00edan incrementarse considerablemente.<\/p>\n<p>&nbsp;<\/p>\n","protected":false},"excerpt":{"rendered":"<p>En el municipio de Guaymas, la diputada local Jazm\u00edn G\u00f3mez Liz\u00e1rraga extern\u00f3 sobre la importancia que en el estado de Sonora se eleve a rango constitucional el programa de BecaTerapia y el cual beneficia a personas con alg\u00fan tipo de discapacidad. &nbsp; La legisladora local del Partido del Trabajo, se\u00f1al\u00f3 que ya present\u00f3 esa iniciativa [&hellip;]<\/p>\n","protected":false},"author":2,"featured_media":214200,"comment_status":"closed","ping_status":"closed","sticky":false,"template":"","format":"standard","meta":{"footnotes":""},"categories":[12870,174],"tags":[12865,12873],"class_list":["post-214199","post","type-post","status-publish","format-standard","has-post-thumbnail","hentry","category-destacadas","category-estatal","tag-destacadas","tag-estatal"],"jetpack_featured_media_url":"https:\/\/rnoticias.com.mx\/Portal\/wp-content\/uploads\/2025\/04\/121-16-696x464-1.jpg","amp_enabled":true,"_links":{"self":[{"href":"https:\/\/rnoticias.com.mx\/Portal\/wp-json\/wp\/v2\/posts\/214199","targetHints":{"allow":["GET"]}}],"collection":[{"href":"https:\/\/rnoticias.com.mx\/Portal\/wp-json\/wp\/v2\/posts"}],"about":[{"href":"https:\/\/rnoticias.com.mx\/Portal\/wp-json\/wp\/v2\/types\/post"}],"author":[{"embeddable":true,"href":"https:\/\/rnoticias.com.mx\/Portal\/wp-json\/wp\/v2\/users\/2"}],"replies":[{"embeddable":true,"href":"https:\/\/rnoticias.com.mx\/Portal\/wp-json\/wp\/v2\/comments?post=214199"}],"version-history":[{"count":1,"href":"https:\/\/rnoticias.com.mx\/Portal\/wp-json\/wp\/v2\/posts\/214199\/revisions"}],"predecessor-version":[{"id":214201,"href":"https:\/\/rnoticias.com.mx\/Portal\/wp-json\/wp\/v2\/posts\/214199\/revisions\/214201"}],"wp:featuredmedia":[{"embeddable":true,"href":"https:\/\/rnoticias.com.mx\/Portal\/wp-json\/wp\/v2\/media\/214200"}],"wp:attachment":[{"href":"https:\/\/rnoticias.com.mx\/Portal\/wp-json\/wp\/v2\/media?parent=214199"}],"wp:term":[{"taxonomy":"category","embeddable":true,"href":"https:\/\/rnoticias.com.mx\/Portal\/wp-json\/wp\/v2\/categories?post=214199"},{"taxonomy":"post_tag","embeddable":true,"href":"https:\/\/rnoticias.com.mx\/Portal\/wp-json\/wp\/v2\/tags?post=214199"}],"curies":[{"name":"wp","href":"https:\/\/api.w.org\/{rel}","templated":true}]}}