{"id":214175,"date":"2025-04-07T17:14:13","date_gmt":"2025-04-07T17:14:13","guid":{"rendered":"https:\/\/rnoticias.com.mx\/Portal\/?p=214175"},"modified":"2025-04-07T17:14:13","modified_gmt":"2025-04-07T17:14:13","slug":"llama-gobierno-de-sonora-a-cuidar-el-camaron-ante-inicio-de-veda","status":"publish","type":"post","link":"https:\/\/rnoticias.com.mx\/Portal\/2025\/04\/07\/llama-gobierno-de-sonora-a-cuidar-el-camaron-ante-inicio-de-veda\/","title":{"rendered":"Llama Gobierno de Sonora a cuidar el camar\u00f3n ante inicio de veda"},"content":{"rendered":"<p>Hermosillo, Sonora; 7 de abril de 2025.- El 6 de abril a las 6:00 horas inicia la veda del camar\u00f3n silvestre de ribera y de alta mar en el Pac\u00edfico, Golfo de California y sistemas lagunarios de Sonora, Sinaloa, Nayarit y Baja California Sur, inform\u00f3 Celida L\u00f3pez C\u00e1rdenas.<\/p>\n<p>La secretaria de Agricultura, Ganader\u00eda, Recursos Hidr\u00e1ulicos, Pesca y Acuacultura (Sagarhpa) expres\u00f3 que aquellos que se dedican a la pesca y comercializaci\u00f3n de este crust\u00e1ceo deben tomar las medidas necesarias durante la duraci\u00f3n de la veda.<\/p>\n<p>Exhort\u00f3 a pescadores y comercializadores que cuenten con camar\u00f3n silvestre almacenado que, al momento de la entrada en vigor de esta veda, deber\u00e1n registrar este producto ante la Conapesca.<\/p>\n<p>A\u00f1adi\u00f3 que deben dar de alta el inventario mediante el formato correspondiente de especies en veda, para evitar problemas en su comercializaci\u00f3n y poder tramitar la gu\u00eda correspondiente para su movilizaci\u00f3n.<\/p>\n<p>Resalt\u00f3 la importancia de respetar la veda en el mar para evitar la captura de esta especie, ya que durante este periodo es cuando los camarones silvestres se reproducen y alcanzan tallas comerciales.<\/p>\n<p>\u201cSe debe cuidar esta etapa tan sensible, ya que asegura una mejor producci\u00f3n para la pr\u00f3xima temporada, lo que se traducir\u00e1 en beneficios econ\u00f3micos tanto para el sector pesquero ribere\u00f1o como para el de alta mar\u201d, asever\u00f3.<\/p>\n","protected":false},"excerpt":{"rendered":"<p>Hermosillo, Sonora; 7 de abril de 2025.- El 6 de abril a las 6:00 horas inicia la veda del camar\u00f3n silvestre de ribera y de alta mar en el Pac\u00edfico, Golfo de California y sistemas lagunarios de Sonora, Sinaloa, Nayarit y Baja California Sur, inform\u00f3 Celida L\u00f3pez C\u00e1rdenas. La secretaria de Agricultura, Ganader\u00eda, Recursos Hidr\u00e1ulicos, [&hellip;]<\/p>\n","protected":false},"author":2,"featured_media":214176,"comment_status":"closed","ping_status":"closed","sticky":false,"template":"","format":"standard","meta":{"footnotes":""},"categories":[12870,178],"tags":[12865,12869],"class_list":["post-214175","post","type-post","status-publish","format-standard","has-post-thumbnail","hentry","category-destacadas","category-local","tag-destacadas","tag-local"],"jetpack_featured_media_url":"https:\/\/rnoticias.com.mx\/Portal\/wp-content\/uploads\/2025\/04\/unnamed-32.jpg","amp_enabled":true,"_links":{"self":[{"href":"https:\/\/rnoticias.com.mx\/Portal\/wp-json\/wp\/v2\/posts\/214175","targetHints":{"allow":["GET"]}}],"collection":[{"href":"https:\/\/rnoticias.com.mx\/Portal\/wp-json\/wp\/v2\/posts"}],"about":[{"href":"https:\/\/rnoticias.com.mx\/Portal\/wp-json\/wp\/v2\/types\/post"}],"author":[{"embeddable":true,"href":"https:\/\/rnoticias.com.mx\/Portal\/wp-json\/wp\/v2\/users\/2"}],"replies":[{"embeddable":true,"href":"https:\/\/rnoticias.com.mx\/Portal\/wp-json\/wp\/v2\/comments?post=214175"}],"version-history":[{"count":1,"href":"https:\/\/rnoticias.com.mx\/Portal\/wp-json\/wp\/v2\/posts\/214175\/revisions"}],"predecessor-version":[{"id":214177,"href":"https:\/\/rnoticias.com.mx\/Portal\/wp-json\/wp\/v2\/posts\/214175\/revisions\/214177"}],"wp:featuredmedia":[{"embeddable":true,"href":"https:\/\/rnoticias.com.mx\/Portal\/wp-json\/wp\/v2\/media\/214176"}],"wp:attachment":[{"href":"https:\/\/rnoticias.com.mx\/Portal\/wp-json\/wp\/v2\/media?parent=214175"}],"wp:term":[{"taxonomy":"category","embeddable":true,"href":"https:\/\/rnoticias.com.mx\/Portal\/wp-json\/wp\/v2\/categories?post=214175"},{"taxonomy":"post_tag","embeddable":true,"href":"https:\/\/rnoticias.com.mx\/Portal\/wp-json\/wp\/v2\/tags?post=214175"}],"curies":[{"name":"wp","href":"https:\/\/api.w.org\/{rel}","templated":true}]}}