{"id":214158,"date":"2025-04-06T22:37:28","date_gmt":"2025-04-06T22:37:28","guid":{"rendered":"https:\/\/rnoticias.com.mx\/Portal\/?p=214158"},"modified":"2025-04-06T22:37:28","modified_gmt":"2025-04-06T22:37:28","slug":"gradua-ayuntamiento-de-hermosillo-a-primera-generacion-de-anfitriones-turisticos-etnicos-y-kinenos","status":"publish","type":"post","link":"https:\/\/rnoticias.com.mx\/Portal\/2025\/04\/06\/gradua-ayuntamiento-de-hermosillo-a-primera-generacion-de-anfitriones-turisticos-etnicos-y-kinenos\/","title":{"rendered":"Grad\u00faa Ayuntamiento de Hermosillo a primera generaci\u00f3n de anfitriones tur\u00edsticos \u00e9tnicos y kine\u00f1os"},"content":{"rendered":"<p><b data-olk-copy-source=\"MessageBody\">Hermosillo, Sonora; 6 de abril, 2025<\/b>.- Bah\u00eda de Kino, una localidad distinguida tanto en riqueza cultural como en paisajes ya cuenta con su primera generaci\u00f3n de anfitriones tur\u00edsticos \u00e9tnicos y kine\u00f1os tras la graduaci\u00f3n organizada por el Ayuntamiento de Hermosillo donde Fernanda Cisneros entreg\u00f3 acreditaciones.<\/p>\n<p aria-hidden=\"true\">\n<p>La directora de Desarrollo Tur\u00edstico de la Agencia Municipal de Desarrollo Econ\u00f3mico (AMDE), encabez\u00f3 la ceremonia en las instalaciones de Coyotas Do\u00f1a Mar\u00eda en Villa de Seris donde reconoci\u00f3 a 53 mujeres y hombres que culminaron exitosamente su capacitaci\u00f3n para dar a conocer lo que Bah\u00eda de Kino y la comunidad Comc\u00e1ac tienen para ofrecer a sus visitantes.<\/p>\n<p aria-hidden=\"true\">\n<p>\u201cSiempre, cada vez que tenemos una nueva generaci\u00f3n de promotores y anfitriones tur\u00edsticos en estas graduaciones es un gran orgullo, pero el que ahora se hayan podido reunir Kino con toda la comunidad Comc\u00e1ac de Punta Chueca y hacer un mismo equipo es importante\u201d, agreg\u00f3.<\/p>\n<p aria-hidden=\"true\">\n<p>El programa de acreditaci\u00f3n de anfitriones y promotores tur\u00edsticos busca incrementar la calidad del sector tur\u00edstico de la regi\u00f3n al capacitar a mujeres y hombres que desempe\u00f1ar\u00e1n un papel clave para impulsar, en esta ocasi\u00f3n a Bah\u00eda de Kino y la comunidad Comc\u00e1ac.<\/p>\n<p aria-hidden=\"true\">\n<p>\u201cHoy se culmina un proyecto importante para nuestra comunidad Comcaac porque esto es una oportunidad de trabajo para nosotros, para generar ingreso para nuestras familias, por eso les agradezco a todos los que hicieron posible este evento\u201d, expres\u00f3 Romelia Barnett D\u00edaz, regidora \u00e9tnica.<\/p>\n<p aria-hidden=\"true\">\n<p>La ceremonia fue motivo para recordar la riqueza natural y espiritual que posee Bah\u00eda de Kino y la comunidad Comc\u00e1ac, un territorio sagrado en el que se encuentra la Isla del Tibur\u00f3n considerada la m\u00e1s grande del pa\u00eds.<\/p>\n<p aria-hidden=\"true\">\n<p>Previo a la ceremonia se realiz\u00f3 un tour especial para que los graduados conocieran sitios emblem\u00e1ticos de nuestra ciudad para que puedan compartirlos con visitantes.<\/p>\n<p aria-hidden=\"true\">\n<p>Con acciones como esta, Hermosillo se consolida como un municipio que apuesta por el turismo responsable y con identidad, en el que sus propias comunidades se convierten en protagonistas del desarrollo econ\u00f3mico y cultural.<\/p>\n","protected":false},"excerpt":{"rendered":"<p>Hermosillo, Sonora; 6 de abril, 2025.- Bah\u00eda de Kino, una localidad distinguida tanto en riqueza cultural como en paisajes ya cuenta con su primera generaci\u00f3n de anfitriones tur\u00edsticos \u00e9tnicos y kine\u00f1os tras la graduaci\u00f3n organizada por el Ayuntamiento de Hermosillo donde Fernanda Cisneros entreg\u00f3 acreditaciones. La directora de Desarrollo Tur\u00edstico de la Agencia Municipal de [&hellip;]<\/p>\n","protected":false},"author":2,"featured_media":214159,"comment_status":"closed","ping_status":"closed","sticky":false,"template":"","format":"standard","meta":{"footnotes":""},"categories":[12870,178],"tags":[12865,12869],"class_list":["post-214158","post","type-post","status-publish","format-standard","has-post-thumbnail","hentry","category-destacadas","category-local","tag-destacadas","tag-local"],"jetpack_featured_media_url":"https:\/\/rnoticias.com.mx\/Portal\/wp-content\/uploads\/2025\/04\/Gradua-Ayuntamiento-de-Hermosillo-a-primera-generacion-de-anfitriones-turisticos-etnicos-y-kinenos5-scaled.jpg","amp_enabled":true,"_links":{"self":[{"href":"https:\/\/rnoticias.com.mx\/Portal\/wp-json\/wp\/v2\/posts\/214158","targetHints":{"allow":["GET"]}}],"collection":[{"href":"https:\/\/rnoticias.com.mx\/Portal\/wp-json\/wp\/v2\/posts"}],"about":[{"href":"https:\/\/rnoticias.com.mx\/Portal\/wp-json\/wp\/v2\/types\/post"}],"author":[{"embeddable":true,"href":"https:\/\/rnoticias.com.mx\/Portal\/wp-json\/wp\/v2\/users\/2"}],"replies":[{"embeddable":true,"href":"https:\/\/rnoticias.com.mx\/Portal\/wp-json\/wp\/v2\/comments?post=214158"}],"version-history":[{"count":1,"href":"https:\/\/rnoticias.com.mx\/Portal\/wp-json\/wp\/v2\/posts\/214158\/revisions"}],"predecessor-version":[{"id":214160,"href":"https:\/\/rnoticias.com.mx\/Portal\/wp-json\/wp\/v2\/posts\/214158\/revisions\/214160"}],"wp:featuredmedia":[{"embeddable":true,"href":"https:\/\/rnoticias.com.mx\/Portal\/wp-json\/wp\/v2\/media\/214159"}],"wp:attachment":[{"href":"https:\/\/rnoticias.com.mx\/Portal\/wp-json\/wp\/v2\/media?parent=214158"}],"wp:term":[{"taxonomy":"category","embeddable":true,"href":"https:\/\/rnoticias.com.mx\/Portal\/wp-json\/wp\/v2\/categories?post=214158"},{"taxonomy":"post_tag","embeddable":true,"href":"https:\/\/rnoticias.com.mx\/Portal\/wp-json\/wp\/v2\/tags?post=214158"}],"curies":[{"name":"wp","href":"https:\/\/api.w.org\/{rel}","templated":true}]}}