{"id":214155,"date":"2025-04-06T22:35:49","date_gmt":"2025-04-06T22:35:49","guid":{"rendered":"https:\/\/rnoticias.com.mx\/Portal\/?p=214155"},"modified":"2025-04-06T22:35:49","modified_gmt":"2025-04-06T22:35:49","slug":"desde-el-corazon-de-miguel-aleman-el-pueblo-habla-y-la-transformacion-responde-heriberto-aguilar","status":"publish","type":"post","link":"https:\/\/rnoticias.com.mx\/Portal\/2025\/04\/06\/desde-el-corazon-de-miguel-aleman-el-pueblo-habla-y-la-transformacion-responde-heriberto-aguilar\/","title":{"rendered":"Desde el coraz\u00f3n de Miguel Alem\u00e1n, el pueblo habla y la transformaci\u00f3n responde:  Heriberto Aguilar"},"content":{"rendered":"<p>Poblado Miguel Alem\u00e1n, Sonora, 6 de abril de 2025.\u2013 En el marco de una asamblea informativa y audiencia p\u00fablica celebrada en la comunidad Triqui del Poblado Miguel Alem\u00e1n, el senador por Sonora, Heriberto Aguilar Castillo, y la diputada local Vicky Espinoza, sostuvieron un di\u00e1logo abierto con ciudadanas, ciudadanos y representantes de las comunidades ind\u00edgenas Triqui y Mixteca.<\/p>\n<p>Durante el evento, el senador Aguilar reafirm\u00f3 los principios de la Cuarta Transformaci\u00f3n y record\u00f3 que el movimiento que hoy gobierna el pa\u00eds naci\u00f3 desde abajo, con el liderazgo del presidente Andr\u00e9s Manuel L\u00f3pez Obrador, bajo la convicci\u00f3n de que \u201cpor el bien de todas y todos, primero los pobres.\u201d<\/p>\n<p>El tambi\u00e9n fundador de Morena reiter\u00f3: \u201cEl poder solo tiene sentido y se convierte en virtud cuando se pone al servicio del pueblo. La pol\u00edtica es la oportunidad que tenemos para ser \u00fatiles al pr\u00f3jimo. Y en nuestro movimiento, la honestidad no es un discurso: es forma de vida y de gobierno\u201d.<\/p>\n<p>Las y los representantes de las comunidades ind\u00edgenas solicitaron el apoyo de los legisladores para que el programa Sembrando Vida llegue a sus tierras. Asimismo, criticaron la falta de agua en el poblado, un problema que ha persistido durante a\u00f1os. En respuesta, el senador Aguilar Castillo inform\u00f3 que ya est\u00e1 en marcha el proyecto del sistema de presas que garantizar\u00e1 el abasto de agua para Hermosillo y sus comunidades, impulsado por el gobernador Alfonso Durazo Monta\u00f1o.<\/p>\n<p>\u201cEso es lo que representa un gobierno de la transformaci\u00f3n: justicia social, atenci\u00f3n al que m\u00e1s lo necesita y decisiones que parten del sentir de la gente. Solo as\u00ed, a trav\u00e9s de este di\u00e1logo circular, podemos construir leyes justas para el bienestar del pueblo\u201d, asegur\u00f3 Aguilar.<\/p>\n<p>El ex dirigente de Morena Sonora destac\u00f3 los logros de la transformaci\u00f3n: nueve millones de mexicanos han salido de la pobreza, los adultos mayores tienen pensi\u00f3n, las y los j\u00f3venes reciben becas, y ahora, programas como J\u00f3venes Construyendo el Futuro y los apoyos a comunidades ind\u00edgenas son derechos constitucionales.<\/p>\n<p>\u201cHoy el salario del trabajador, del jornalero, est\u00e1 protegido por la Constituci\u00f3n. Y hoy, los pueblos originarios tienen derecho a recursos que pueden ejercer directamente para atender las necesidades de sus comunidades\u201d, dijo.<\/p>\n<p>Finalmente, el senador Heriberto Aguilar celebr\u00f3 que el pueblo volviera a triunfar en 2024, eligiendo por primera vez en la historia del pa\u00eds a una mujer como presidenta de la Rep\u00fablica: la doctora Claudia Sheinbaum, quien, dijo, \u201cencarna las causas que dieron origen a nuestro movimiento y sigue construyendo sobre los cimientos del humanismo mexicano que dej\u00f3 nuestro presidente Andr\u00e9s Manuel L\u00f3pez Obrador\u201d.<\/p>\n","protected":false},"excerpt":{"rendered":"<p>Poblado Miguel Alem\u00e1n, Sonora, 6 de abril de 2025.\u2013 En el marco de una asamblea informativa y audiencia p\u00fablica celebrada en la comunidad Triqui del Poblado Miguel Alem\u00e1n, el senador por Sonora, Heriberto Aguilar Castillo, y la diputada local Vicky Espinoza, sostuvieron un di\u00e1logo abierto con ciudadanas, ciudadanos y representantes de las comunidades ind\u00edgenas Triqui [&hellip;]<\/p>\n","protected":false},"author":2,"featured_media":214156,"comment_status":"closed","ping_status":"closed","sticky":false,"template":"","format":"standard","meta":{"footnotes":""},"categories":[12870,178],"tags":[12865,12869],"class_list":["post-214155","post","type-post","status-publish","format-standard","has-post-thumbnail","hentry","category-destacadas","category-local","tag-destacadas","tag-local"],"jetpack_featured_media_url":"https:\/\/rnoticias.com.mx\/Portal\/wp-content\/uploads\/2025\/04\/1a6d12e9-43ae-4b45-b0b2-d6bf1f0a1f6c.jpg","amp_enabled":true,"_links":{"self":[{"href":"https:\/\/rnoticias.com.mx\/Portal\/wp-json\/wp\/v2\/posts\/214155","targetHints":{"allow":["GET"]}}],"collection":[{"href":"https:\/\/rnoticias.com.mx\/Portal\/wp-json\/wp\/v2\/posts"}],"about":[{"href":"https:\/\/rnoticias.com.mx\/Portal\/wp-json\/wp\/v2\/types\/post"}],"author":[{"embeddable":true,"href":"https:\/\/rnoticias.com.mx\/Portal\/wp-json\/wp\/v2\/users\/2"}],"replies":[{"embeddable":true,"href":"https:\/\/rnoticias.com.mx\/Portal\/wp-json\/wp\/v2\/comments?post=214155"}],"version-history":[{"count":1,"href":"https:\/\/rnoticias.com.mx\/Portal\/wp-json\/wp\/v2\/posts\/214155\/revisions"}],"predecessor-version":[{"id":214157,"href":"https:\/\/rnoticias.com.mx\/Portal\/wp-json\/wp\/v2\/posts\/214155\/revisions\/214157"}],"wp:featuredmedia":[{"embeddable":true,"href":"https:\/\/rnoticias.com.mx\/Portal\/wp-json\/wp\/v2\/media\/214156"}],"wp:attachment":[{"href":"https:\/\/rnoticias.com.mx\/Portal\/wp-json\/wp\/v2\/media?parent=214155"}],"wp:term":[{"taxonomy":"category","embeddable":true,"href":"https:\/\/rnoticias.com.mx\/Portal\/wp-json\/wp\/v2\/categories?post=214155"},{"taxonomy":"post_tag","embeddable":true,"href":"https:\/\/rnoticias.com.mx\/Portal\/wp-json\/wp\/v2\/tags?post=214155"}],"curies":[{"name":"wp","href":"https:\/\/api.w.org\/{rel}","templated":true}]}}