{"id":214149,"date":"2025-04-06T22:26:15","date_gmt":"2025-04-06T22:26:15","guid":{"rendered":"https:\/\/rnoticias.com.mx\/Portal\/?p=214149"},"modified":"2025-04-06T22:26:15","modified_gmt":"2025-04-06T22:26:15","slug":"claudia-sheinbaum-encabeza-arranque-de-clase-nacional-de-boxeo","status":"publish","type":"post","link":"https:\/\/rnoticias.com.mx\/Portal\/2025\/04\/06\/claudia-sheinbaum-encabeza-arranque-de-clase-nacional-de-boxeo\/","title":{"rendered":"Claudia Sheinbaum encabeza arranque de Clase Nacional de Boxeo"},"content":{"rendered":"<p>Desde el Z\u00f3calo de la Ciudad de M\u00e9xico,\u00a0<mark><strong>la Presidenta Claudia Sheinbaum Pardo encabez\u00f3 el arranque simult\u00e1neo de la Clase Nacional de Boxeo en todas las plazas p\u00fablicas del pa\u00eds, a trav\u00e9s de un enlace a las 32 entidades de la Rep\u00fablica,<\/strong><\/mark>\u00a0como parte del eje de Atenci\u00f3n a las causas de la Estrategia Nacional de Seguridad.<\/p>\n<p>\u201cEsta clase es un mensaje a todo M\u00e9xico y a todo el mundo. En M\u00e9xico construimos paz, prosperidad y elegimos siempre ser un pa\u00eds libre, independiente y soberano.\u00a0<strong>Las y los mexicanos tenemos esp\u00edritu valiente, libre y de justicia, somos un pueblo solidario y fraterno, no dejamos nunca a nadie atr\u00e1s\u201d<\/strong>, asegur\u00f3.<\/p>\n<p>Ante cientos de personas de todas las edades que participaron en la Clase Nacional de Boxeo,\u00a0<mark><strong>destac\u00f3 que esta actividad muestra que M\u00e9xico es un pa\u00eds que dice s\u00ed a la educaci\u00f3n, al deporte, a la paz y al amor.<\/strong><\/mark><\/p>\n<p>&#8220;Las y los j\u00f3venes mexicanos dicen: no a la violencia, no a las adicciones. El pueblo de M\u00e9xico dice:\u00a0<strong>no al racismo, no al clasismo, no al machismo. El pueblo de M\u00e9xico dice, s\u00ed a la educaci\u00f3n, s\u00ed al deporte, s\u00ed a la paz, s\u00ed al amor\u201d,\u00a0<\/strong>asever\u00f3<\/p>\n<p>La Jefa del Ejecutivo Federal asegur\u00f3 que adem\u00e1s, la Clase Nacional de Boxeo<strong>\u00a0es ejemplo de que el deporte hace a las personas m\u00e1s libres, sanas y felices.<\/strong><\/p>\n<p>\u201cLa Clase Nacional de Boxeo muestra que el deporte nos hace m\u00e1s libres, m\u00e1s sanos y m\u00e1s felices, muestra que cuando nos organizamos nada es imposible, muestra que el pueblo de M\u00e9xico es valiente y glorioso. M\u00e9xico es maravilloso, como M\u00e9xico no hay dos.\u00a0<mark><strong>Las y los j\u00f3venes mexicanos son el presente y el futuro de nuestro pa\u00eds. La Clase Nacional de Boxeo dice en un solo grito: Viva M\u00e9xico\u201d,<\/strong><\/mark>\u00a0agreg\u00f3.<\/p>\n<p><strong>En la Clase Nacional de Boxeo asistieron las y los campeones de boxeo: J<\/strong>ulio C\u00e9sar Ch\u00e1vez; Mariana \u201cla Barby\u201d Ju\u00e1rez; Oscar de la Hoya; Irma Garc\u00eda; Rub\u00e9n \u201cPuas\u201d Olivares; Rafael Lim\u00f3n; Roberto \u201cManos de Piedra\u201d \u00a0Dur\u00e1n; Carlos Z\u00e1rate; Humberto \u201cChiquita\u201d Gonz\u00e1lez; \u00a0Marco Antonio Barrera; Jos\u00e9 Luis Bueno; Isaac \u201cPitbull\u201d Cruz; David \u201cRey\u201d Picasso y Rey Vargas.<\/p>\n<p><mark><strong>As\u00edmismo, agradeci\u00f3 al Consejo Mundial de Boxeo (CMB) por su presencia en la hist\u00f3rica Clase Nacional de Boxeo junto a las y\u00a0los\u00a0mexicanos.<\/strong><\/mark><\/p>\n","protected":false},"excerpt":{"rendered":"<p>Desde el Z\u00f3calo de la Ciudad de M\u00e9xico,\u00a0la Presidenta Claudia Sheinbaum Pardo encabez\u00f3 el arranque simult\u00e1neo de la Clase Nacional de Boxeo en todas las plazas p\u00fablicas del pa\u00eds, a trav\u00e9s de un enlace a las 32 entidades de la Rep\u00fablica,\u00a0como parte del eje de Atenci\u00f3n a las causas de la Estrategia Nacional de Seguridad. [&hellip;]<\/p>\n","protected":false},"author":2,"featured_media":214150,"comment_status":"closed","ping_status":"closed","sticky":false,"template":"","format":"standard","meta":{"footnotes":""},"categories":[12870,172],"tags":[12865,12874],"class_list":["post-214149","post","type-post","status-publish","format-standard","has-post-thumbnail","hentry","category-destacadas","category-nacional","tag-destacadas","tag-nacional"],"jetpack_featured_media_url":"https:\/\/rnoticias.com.mx\/Portal\/wp-content\/uploads\/2025\/04\/abd62f7f-43ec-405d-b877-f09a8b78ddce-1024x576-1.jpeg","amp_enabled":true,"_links":{"self":[{"href":"https:\/\/rnoticias.com.mx\/Portal\/wp-json\/wp\/v2\/posts\/214149","targetHints":{"allow":["GET"]}}],"collection":[{"href":"https:\/\/rnoticias.com.mx\/Portal\/wp-json\/wp\/v2\/posts"}],"about":[{"href":"https:\/\/rnoticias.com.mx\/Portal\/wp-json\/wp\/v2\/types\/post"}],"author":[{"embeddable":true,"href":"https:\/\/rnoticias.com.mx\/Portal\/wp-json\/wp\/v2\/users\/2"}],"replies":[{"embeddable":true,"href":"https:\/\/rnoticias.com.mx\/Portal\/wp-json\/wp\/v2\/comments?post=214149"}],"version-history":[{"count":1,"href":"https:\/\/rnoticias.com.mx\/Portal\/wp-json\/wp\/v2\/posts\/214149\/revisions"}],"predecessor-version":[{"id":214151,"href":"https:\/\/rnoticias.com.mx\/Portal\/wp-json\/wp\/v2\/posts\/214149\/revisions\/214151"}],"wp:featuredmedia":[{"embeddable":true,"href":"https:\/\/rnoticias.com.mx\/Portal\/wp-json\/wp\/v2\/media\/214150"}],"wp:attachment":[{"href":"https:\/\/rnoticias.com.mx\/Portal\/wp-json\/wp\/v2\/media?parent=214149"}],"wp:term":[{"taxonomy":"category","embeddable":true,"href":"https:\/\/rnoticias.com.mx\/Portal\/wp-json\/wp\/v2\/categories?post=214149"},{"taxonomy":"post_tag","embeddable":true,"href":"https:\/\/rnoticias.com.mx\/Portal\/wp-json\/wp\/v2\/tags?post=214149"}],"curies":[{"name":"wp","href":"https:\/\/api.w.org\/{rel}","templated":true}]}}