{"id":214137,"date":"2025-04-06T21:36:49","date_gmt":"2025-04-06T21:36:49","guid":{"rendered":"https:\/\/rnoticias.com.mx\/Portal\/?p=214137"},"modified":"2025-04-06T21:36:49","modified_gmt":"2025-04-06T21:36:49","slug":"capturan-a-implicado-en-tentativa-de-homicidio-en-san-miguel-de-horcasitas","status":"publish","type":"post","link":"https:\/\/rnoticias.com.mx\/Portal\/2025\/04\/06\/capturan-a-implicado-en-tentativa-de-homicidio-en-san-miguel-de-horcasitas\/","title":{"rendered":"Capturan a implicado en tentativa de homicidio en San Miguel de Horcasitas"},"content":{"rendered":"<p>San Miguel de Horcasitas, Sonora, 5 de abril de 2025.- Elementos de la Agencia Ministerial de Investigaci\u00f3n Criminal (AMIC) capturaron, con base a una orden de aprehensi\u00f3n, a Jes\u00fas y\/o Nicol\u00e1s \u201cN\u201d, de 32 a\u00f1os, originario de San Luis Potos\u00ed, por su probable responsabilidad en el delito de tentativa de homicidio calificado con ventaja, en perjuicio de David \u201cN\u201d.<\/p>\n<p>La orden derivo de la carpeta de investigaci\u00f3n iniciada por hechos suscitados el d\u00eda 3 de marzo de 2025, cuando el imputado, en compa\u00f1\u00eda de otro sujeto apodado \u201cEl Diablo\u201d, quien ya se encuentra detenido por los mismos hechos, agredi\u00f3 en repetidas ocasiones con un cuchillo a la v\u00edctima, derivado de rencillas personales.<\/p>\n<p>La captura de Jes\u00fas y\/o Nicol\u00e1s \u201cN\u201d se realiz\u00f3 en un campo agr\u00edcola ubicado sobre un camino de terracer\u00eda entre Estaci\u00f3n Pesqueira y San Miguel de Horcasitas, en cumplimiento de la orden de aprehensi\u00f3n girada por la autoridad judicial.<\/p>\n<p>Posteriormente, el imputado fue trasladado e ingresado al Centro de Reinserci\u00f3n Social (CERESO) de Hermosillo, donde qued\u00f3 a disposici\u00f3n del Juez correspondiente para continuar con el proceso penal.<\/p>\n<p>La Fiscal\u00eda General de Justicia del Estado de Sonora (FGJES) ratifica su compromiso con la justicia, asegurando que ning\u00fan hecho violento quede impune, en apego a derecho y con respeto a los derechos de las v\u00edctimas.<\/p>\n","protected":false},"excerpt":{"rendered":"<p>San Miguel de Horcasitas, Sonora, 5 de abril de 2025.- Elementos de la Agencia Ministerial de Investigaci\u00f3n Criminal (AMIC) capturaron, con base a una orden de aprehensi\u00f3n, a Jes\u00fas y\/o Nicol\u00e1s \u201cN\u201d, de 32 a\u00f1os, originario de San Luis Potos\u00ed, por su probable responsabilidad en el delito de tentativa de homicidio calificado con ventaja, en [&hellip;]<\/p>\n","protected":false},"author":2,"featured_media":214138,"comment_status":"closed","ping_status":"closed","sticky":false,"template":"","format":"standard","meta":{"footnotes":""},"categories":[12870,174],"tags":[12865,12873],"class_list":["post-214137","post","type-post","status-publish","format-standard","has-post-thumbnail","hentry","category-destacadas","category-estatal","tag-destacadas","tag-estatal"],"jetpack_featured_media_url":"https:\/\/rnoticias.com.mx\/Portal\/wp-content\/uploads\/2025\/04\/7fecd247-1907-4fff-ac9d-b7334d4b8e2f.jpg","amp_enabled":true,"_links":{"self":[{"href":"https:\/\/rnoticias.com.mx\/Portal\/wp-json\/wp\/v2\/posts\/214137","targetHints":{"allow":["GET"]}}],"collection":[{"href":"https:\/\/rnoticias.com.mx\/Portal\/wp-json\/wp\/v2\/posts"}],"about":[{"href":"https:\/\/rnoticias.com.mx\/Portal\/wp-json\/wp\/v2\/types\/post"}],"author":[{"embeddable":true,"href":"https:\/\/rnoticias.com.mx\/Portal\/wp-json\/wp\/v2\/users\/2"}],"replies":[{"embeddable":true,"href":"https:\/\/rnoticias.com.mx\/Portal\/wp-json\/wp\/v2\/comments?post=214137"}],"version-history":[{"count":1,"href":"https:\/\/rnoticias.com.mx\/Portal\/wp-json\/wp\/v2\/posts\/214137\/revisions"}],"predecessor-version":[{"id":214139,"href":"https:\/\/rnoticias.com.mx\/Portal\/wp-json\/wp\/v2\/posts\/214137\/revisions\/214139"}],"wp:featuredmedia":[{"embeddable":true,"href":"https:\/\/rnoticias.com.mx\/Portal\/wp-json\/wp\/v2\/media\/214138"}],"wp:attachment":[{"href":"https:\/\/rnoticias.com.mx\/Portal\/wp-json\/wp\/v2\/media?parent=214137"}],"wp:term":[{"taxonomy":"category","embeddable":true,"href":"https:\/\/rnoticias.com.mx\/Portal\/wp-json\/wp\/v2\/categories?post=214137"},{"taxonomy":"post_tag","embeddable":true,"href":"https:\/\/rnoticias.com.mx\/Portal\/wp-json\/wp\/v2\/tags?post=214137"}],"curies":[{"name":"wp","href":"https:\/\/api.w.org\/{rel}","templated":true}]}}