{"id":214134,"date":"2025-04-06T21:36:06","date_gmt":"2025-04-06T21:36:06","guid":{"rendered":"https:\/\/rnoticias.com.mx\/Portal\/?p=214134"},"modified":"2025-04-06T21:36:06","modified_gmt":"2025-04-06T21:36:06","slug":"acerca-gobierno-de-sonora-servicios-de-salud-a-comunidades-del-valle-del-mayo-ute-etchojoa","status":"publish","type":"post","link":"https:\/\/rnoticias.com.mx\/Portal\/2025\/04\/06\/acerca-gobierno-de-sonora-servicios-de-salud-a-comunidades-del-valle-del-mayo-ute-etchojoa\/","title":{"rendered":"Acerca Gobierno de Sonora servicios de salud a comunidades del valle del Mayo: UTE Etchojoa"},"content":{"rendered":"<p>Etchojoa, Sonora; 6 de abril de 2025.- Con el apoyo de la Universidad Tecnol\u00f3gica de Etchojoa (UTE), el Gobierno de Sonora llev\u00f3 servicios de consultas generales, vacunaci\u00f3n, atenci\u00f3n dental, asesor\u00eda en nutrici\u00f3n, planificaci\u00f3n familiar y atenci\u00f3n prenatal a habitantes de diversas comunidades del valle del Mayo, inform\u00f3 Jos\u00e9 F\u00e9lix G\u00f3mez Anduro.<\/p>\n<p>El rector de la UTE indic\u00f3 que se llev\u00f3 a cabo la Jornada de Salud UTE 2025, con la colaboraci\u00f3n de estudiantes de la licenciatura en Enfermer\u00eda, quienes atendieron a residentes de la comunidad de La Bocana y sus alrededores, con el objetivo de fomentar el bienestar en la regi\u00f3n.<\/p>\n<p>Los futuros profesionales de la salud, bajo la supervisi\u00f3n de expertos, ofrecieron los servicios de salud con profesionalismo, garantizando una atenci\u00f3n de calidad y accesible para todos.<\/p>\n<p>\u201cEs una gran oportunidad para nosotros como estudiantes poder aplicar lo que hemos aprendido en el aula y, al mismo tiempo, contribuir al bienestar de nuestra comunidad\u201d, comentaron los estudiantes que participaron en la jornada.<\/p>\n<p>La Jornada de Salud UTE 2025 no solo se enfoc\u00f3 en la atenci\u00f3n m\u00e9dica, sino que tambi\u00e9n incluy\u00f3 actividades educativas para informar a los asistentes sobre la importancia de la prevenci\u00f3n y el cuidado de la salud.<\/p>\n<p>G\u00f3mez Anduro refrend\u00f3 el compromiso de la instituci\u00f3n con la formaci\u00f3n integral de sus estudiantes y su responsabilidad social, al involucrarlos en actividades que impactan positivamente en la comunidad, demostrando su dedicaci\u00f3n a la salud y el bienestar de la poblaci\u00f3n.<\/p>\n","protected":false},"excerpt":{"rendered":"<p>Etchojoa, Sonora; 6 de abril de 2025.- Con el apoyo de la Universidad Tecnol\u00f3gica de Etchojoa (UTE), el Gobierno de Sonora llev\u00f3 servicios de consultas generales, vacunaci\u00f3n, atenci\u00f3n dental, asesor\u00eda en nutrici\u00f3n, planificaci\u00f3n familiar y atenci\u00f3n prenatal a habitantes de diversas comunidades del valle del Mayo, inform\u00f3 Jos\u00e9 F\u00e9lix G\u00f3mez Anduro. El rector de la [&hellip;]<\/p>\n","protected":false},"author":2,"featured_media":214135,"comment_status":"closed","ping_status":"closed","sticky":false,"template":"","format":"standard","meta":{"footnotes":""},"categories":[12870,174],"tags":[12865,12873],"class_list":["post-214134","post","type-post","status-publish","format-standard","has-post-thumbnail","hentry","category-destacadas","category-estatal","tag-destacadas","tag-estatal"],"jetpack_featured_media_url":"https:\/\/rnoticias.com.mx\/Portal\/wp-content\/uploads\/2025\/04\/unnamed-1-11.jpg","amp_enabled":true,"_links":{"self":[{"href":"https:\/\/rnoticias.com.mx\/Portal\/wp-json\/wp\/v2\/posts\/214134","targetHints":{"allow":["GET"]}}],"collection":[{"href":"https:\/\/rnoticias.com.mx\/Portal\/wp-json\/wp\/v2\/posts"}],"about":[{"href":"https:\/\/rnoticias.com.mx\/Portal\/wp-json\/wp\/v2\/types\/post"}],"author":[{"embeddable":true,"href":"https:\/\/rnoticias.com.mx\/Portal\/wp-json\/wp\/v2\/users\/2"}],"replies":[{"embeddable":true,"href":"https:\/\/rnoticias.com.mx\/Portal\/wp-json\/wp\/v2\/comments?post=214134"}],"version-history":[{"count":1,"href":"https:\/\/rnoticias.com.mx\/Portal\/wp-json\/wp\/v2\/posts\/214134\/revisions"}],"predecessor-version":[{"id":214136,"href":"https:\/\/rnoticias.com.mx\/Portal\/wp-json\/wp\/v2\/posts\/214134\/revisions\/214136"}],"wp:featuredmedia":[{"embeddable":true,"href":"https:\/\/rnoticias.com.mx\/Portal\/wp-json\/wp\/v2\/media\/214135"}],"wp:attachment":[{"href":"https:\/\/rnoticias.com.mx\/Portal\/wp-json\/wp\/v2\/media?parent=214134"}],"wp:term":[{"taxonomy":"category","embeddable":true,"href":"https:\/\/rnoticias.com.mx\/Portal\/wp-json\/wp\/v2\/categories?post=214134"},{"taxonomy":"post_tag","embeddable":true,"href":"https:\/\/rnoticias.com.mx\/Portal\/wp-json\/wp\/v2\/tags?post=214134"}],"curies":[{"name":"wp","href":"https:\/\/api.w.org\/{rel}","templated":true}]}}