{"id":214131,"date":"2025-04-06T21:35:14","date_gmt":"2025-04-06T21:35:14","guid":{"rendered":"https:\/\/rnoticias.com.mx\/Portal\/?p=214131"},"modified":"2025-04-06T21:35:14","modified_gmt":"2025-04-06T21:35:14","slug":"fgjes-obtiene-vinculacion-a-proceso-y-prision-preventiva-justificada-para-imputada-por-maltrato-infantil-agravado-en-hermosillo","status":"publish","type":"post","link":"https:\/\/rnoticias.com.mx\/Portal\/2025\/04\/06\/fgjes-obtiene-vinculacion-a-proceso-y-prision-preventiva-justificada-para-imputada-por-maltrato-infantil-agravado-en-hermosillo\/","title":{"rendered":"FGJES obtiene vinculaci\u00f3n a proceso y prisi\u00f3n preventiva justificada para imputada por maltrato infantil agravado en Hermosillo"},"content":{"rendered":"<p>Hermosillo, Sonora, 5 de abril de 2025.- La Fiscal\u00eda General de Justicia del Estado de Sonora (FGJES), obtuvo la vinculaci\u00f3n a proceso de Lizeth Ariday \u201cN\u201d, de 24 a\u00f1os, se\u00f1alada como presunta responsable del delito de maltrato infantil agravado, cometido en perjuicio de su hijo menor de 7 meses.<\/p>\n<p>Durante la audiencia, el Juez determin\u00f3 decretar legal la detenci\u00f3n de la imputada, vincularla a proceso e imponerle la medida cautelar de prisi\u00f3n preventiva justificada, adem\u00e1s de otorgar un plazo de 2 meses para la investigaci\u00f3n complementaria.<\/p>\n<p>El 25 de marzo de 2025, aproximadamente a las 20:44 horas, en un domicilio ubicado en el ejido Mesa del Seri, de esta ciudad, los primeros respondientes, elementos de la Polic\u00eda Estatal, recibieron un reporte relacionado con actos de omisi\u00f3n cometidos por la imputada en perjuicio de su hijo de apenas 7 meses de edad.<\/p>\n<p>De acuerdo con las investigaciones, la conducta negligente de la imputada ha afectado gravemente la salud f\u00edsica y emocional del menor, quien presenta diagn\u00f3sticos de anemia, dermatitis y dem\u00e1s complicaciones asociadas al S\u00edndrome del Ni\u00f1o Maltratado. Adem\u00e1s, se document\u00f3 que la imputada consumi\u00f3 sustancias narc\u00f3ticas frente al menor, poniendo en peligro su seguridad y bienestar.<\/p>\n<p>Este caso refrenda el compromiso de la FGJES con la protecci\u00f3n integral de ni\u00f1as, ni\u00f1os y adolescentes, as\u00ed como con la lucha contra cualquier forma de violencia intrafamiliar y su firme determinaci\u00f3n de garantizar justicia para las v\u00edctimas m\u00e1s vulnerables y erradicar pr\u00e1cticas que atenten contra su desarrollo f\u00edsico, emocional y psicol\u00f3gico.<\/p>\n","protected":false},"excerpt":{"rendered":"<p>Hermosillo, Sonora, 5 de abril de 2025.- La Fiscal\u00eda General de Justicia del Estado de Sonora (FGJES), obtuvo la vinculaci\u00f3n a proceso de Lizeth Ariday \u201cN\u201d, de 24 a\u00f1os, se\u00f1alada como presunta responsable del delito de maltrato infantil agravado, cometido en perjuicio de su hijo menor de 7 meses. Durante la audiencia, el Juez determin\u00f3 [&hellip;]<\/p>\n","protected":false},"author":2,"featured_media":214132,"comment_status":"closed","ping_status":"closed","sticky":false,"template":"","format":"standard","meta":{"footnotes":""},"categories":[12870,178],"tags":[12865,12869],"class_list":["post-214131","post","type-post","status-publish","format-standard","has-post-thumbnail","hentry","category-destacadas","category-local","tag-destacadas","tag-local"],"jetpack_featured_media_url":"https:\/\/rnoticias.com.mx\/Portal\/wp-content\/uploads\/2025\/04\/14536fb8-3f9c-4210-907b-dbb3ce52ce27.jpg","amp_enabled":true,"_links":{"self":[{"href":"https:\/\/rnoticias.com.mx\/Portal\/wp-json\/wp\/v2\/posts\/214131","targetHints":{"allow":["GET"]}}],"collection":[{"href":"https:\/\/rnoticias.com.mx\/Portal\/wp-json\/wp\/v2\/posts"}],"about":[{"href":"https:\/\/rnoticias.com.mx\/Portal\/wp-json\/wp\/v2\/types\/post"}],"author":[{"embeddable":true,"href":"https:\/\/rnoticias.com.mx\/Portal\/wp-json\/wp\/v2\/users\/2"}],"replies":[{"embeddable":true,"href":"https:\/\/rnoticias.com.mx\/Portal\/wp-json\/wp\/v2\/comments?post=214131"}],"version-history":[{"count":1,"href":"https:\/\/rnoticias.com.mx\/Portal\/wp-json\/wp\/v2\/posts\/214131\/revisions"}],"predecessor-version":[{"id":214133,"href":"https:\/\/rnoticias.com.mx\/Portal\/wp-json\/wp\/v2\/posts\/214131\/revisions\/214133"}],"wp:featuredmedia":[{"embeddable":true,"href":"https:\/\/rnoticias.com.mx\/Portal\/wp-json\/wp\/v2\/media\/214132"}],"wp:attachment":[{"href":"https:\/\/rnoticias.com.mx\/Portal\/wp-json\/wp\/v2\/media?parent=214131"}],"wp:term":[{"taxonomy":"category","embeddable":true,"href":"https:\/\/rnoticias.com.mx\/Portal\/wp-json\/wp\/v2\/categories?post=214131"},{"taxonomy":"post_tag","embeddable":true,"href":"https:\/\/rnoticias.com.mx\/Portal\/wp-json\/wp\/v2\/tags?post=214131"}],"curies":[{"name":"wp","href":"https:\/\/api.w.org\/{rel}","templated":true}]}}