{"id":214128,"date":"2025-04-06T21:34:36","date_gmt":"2025-04-06T21:34:36","guid":{"rendered":"https:\/\/rnoticias.com.mx\/Portal\/?p=214128"},"modified":"2025-04-06T21:34:36","modified_gmt":"2025-04-06T21:34:36","slug":"prision-preventiva-justificada-para-sujeto-por-abuso-sexual-agravado-y-robo-con-violencia-en-hermosillo","status":"publish","type":"post","link":"https:\/\/rnoticias.com.mx\/Portal\/2025\/04\/06\/prision-preventiva-justificada-para-sujeto-por-abuso-sexual-agravado-y-robo-con-violencia-en-hermosillo\/","title":{"rendered":"Prisi\u00f3n preventiva justificada para sujeto por abuso sexual agravado y robo con violencia en Hermosillo"},"content":{"rendered":"<p>Hermosillo, Sonora, 5 de abril de 2025.- La Fiscal\u00eda General de Justicia del Estado de Sonora (FGJES) obtuvo la vinculaci\u00f3n a proceso de Jes\u00fas Gabriel \u201cN\u201d, de 21 a\u00f1os, se\u00f1alado como presunto responsable de los delitos de abuso sexual agravado y robo con violencia en las personas, cometidos en perjuicio de Ruth \u201cN\u201d, empleada de una farmacia.<\/p>\n<p>El caso ocurri\u00f3 el 27 de marzo de 2025, aproximadamente a las 21:30 horas, en un establecimiento ubicado en la colonia Centro, durante los hechos, el presunto responsable ingres\u00f3 al lugar solicitando un medicamento, para posteriormente agredir f\u00edsicamente a la empleada de la farmacia, tom\u00e1ndola de los cabellos y propin\u00e1ndole una cachetada, acto seguido, le tap\u00f3 la boca y la amenaz\u00f3.<\/p>\n<p>El imputado llev\u00f3 a la v\u00edctima a un pasillo del negocio, donde la arroj\u00f3 al suelo y le propin\u00f3 un fuerte golpe en la cara; posteriormente, desabroch\u00f3 el pantal\u00f3n y la toc\u00f3 de manera indebida, mientras continuaba intimid\u00e1ndola, amenaz\u00e1ndola de muerte con la finalidad de violarla, sin embargo, la v\u00edctima logr\u00f3 escapar del lugar, ante lo que, el imputado regres\u00f3 y tom\u00f3 9 cajas de medicamentos diversos para despu\u00e9s tratar de huir del sitio.<\/p>\n<p>Durante la audiencia, el Juez determin\u00f3 decretar legal la detenci\u00f3n del imputado, vincularlo a proceso e imponerle la medida cautelar de prisi\u00f3n preventiva justificada, adem\u00e1s de otorgar un plazo de 2 meses para el cierre de investigaci\u00f3n complementaria.<\/p>\n<p>Estas conductas no son ni ser\u00e1n toleradas en Sonora, por lo que se trabaja para obtener una sentencia condenatoria y dar una pena ejemplar, una vez demostrada su responsabilidad.<\/p>\n","protected":false},"excerpt":{"rendered":"<p>Hermosillo, Sonora, 5 de abril de 2025.- La Fiscal\u00eda General de Justicia del Estado de Sonora (FGJES) obtuvo la vinculaci\u00f3n a proceso de Jes\u00fas Gabriel \u201cN\u201d, de 21 a\u00f1os, se\u00f1alado como presunto responsable de los delitos de abuso sexual agravado y robo con violencia en las personas, cometidos en perjuicio de Ruth \u201cN\u201d, empleada de [&hellip;]<\/p>\n","protected":false},"author":2,"featured_media":214129,"comment_status":"closed","ping_status":"closed","sticky":false,"template":"","format":"standard","meta":{"footnotes":""},"categories":[12870,178],"tags":[12865,12869],"class_list":["post-214128","post","type-post","status-publish","format-standard","has-post-thumbnail","hentry","category-destacadas","category-local","tag-destacadas","tag-local"],"jetpack_featured_media_url":"https:\/\/rnoticias.com.mx\/Portal\/wp-content\/uploads\/2025\/04\/057d62f7-d190-41c7-9784-25b4bbd699c9.jpg","amp_enabled":true,"_links":{"self":[{"href":"https:\/\/rnoticias.com.mx\/Portal\/wp-json\/wp\/v2\/posts\/214128","targetHints":{"allow":["GET"]}}],"collection":[{"href":"https:\/\/rnoticias.com.mx\/Portal\/wp-json\/wp\/v2\/posts"}],"about":[{"href":"https:\/\/rnoticias.com.mx\/Portal\/wp-json\/wp\/v2\/types\/post"}],"author":[{"embeddable":true,"href":"https:\/\/rnoticias.com.mx\/Portal\/wp-json\/wp\/v2\/users\/2"}],"replies":[{"embeddable":true,"href":"https:\/\/rnoticias.com.mx\/Portal\/wp-json\/wp\/v2\/comments?post=214128"}],"version-history":[{"count":1,"href":"https:\/\/rnoticias.com.mx\/Portal\/wp-json\/wp\/v2\/posts\/214128\/revisions"}],"predecessor-version":[{"id":214130,"href":"https:\/\/rnoticias.com.mx\/Portal\/wp-json\/wp\/v2\/posts\/214128\/revisions\/214130"}],"wp:featuredmedia":[{"embeddable":true,"href":"https:\/\/rnoticias.com.mx\/Portal\/wp-json\/wp\/v2\/media\/214129"}],"wp:attachment":[{"href":"https:\/\/rnoticias.com.mx\/Portal\/wp-json\/wp\/v2\/media?parent=214128"}],"wp:term":[{"taxonomy":"category","embeddable":true,"href":"https:\/\/rnoticias.com.mx\/Portal\/wp-json\/wp\/v2\/categories?post=214128"},{"taxonomy":"post_tag","embeddable":true,"href":"https:\/\/rnoticias.com.mx\/Portal\/wp-json\/wp\/v2\/tags?post=214128"}],"curies":[{"name":"wp","href":"https:\/\/api.w.org\/{rel}","templated":true}]}}