{"id":214111,"date":"2025-04-06T05:19:34","date_gmt":"2025-04-06T05:19:34","guid":{"rendered":"https:\/\/rnoticias.com.mx\/Portal\/?p=214111"},"modified":"2025-04-06T05:19:34","modified_gmt":"2025-04-06T05:19:34","slug":"gobernador-durazo-consolida-a-la-sauceda-como-punto-de-atraccion-turistica-en-semana-santa","status":"publish","type":"post","link":"https:\/\/rnoticias.com.mx\/Portal\/2025\/04\/06\/gobernador-durazo-consolida-a-la-sauceda-como-punto-de-atraccion-turistica-en-semana-santa\/","title":{"rendered":"Gobernador Durazo consolida a La Sauceda como punto de atracci\u00f3n tur\u00edstica en Semana Santa"},"content":{"rendered":"<p align=\"left\">Hermosillo, Sonora; 5 de abril de 2025.- El espacio natural que volvi\u00f3 a la vida con el rescate que realiz\u00f3 el gobernador Alfonso Durazo Monta\u00f1o para convertirlo en el Bosque Urbano La Sauceda, se ha consolidado en un punto de atracci\u00f3n tur\u00edstica en Hermosillo, listo para recibir a cientos de visitantes y turistas como uno de los principales sitios para disfrutar de Semana Santa en Sonora.<\/p>\n<p align=\"left\">El mandatario estatal mencion\u00f3 que La Sauceda se ha convertido en un lugar de encuentro gratuito para las familias, con actividades art\u00edsticas y culturales los fines de semana, y se continua con la siguiente etapa de remodelaci\u00f3n para beneficio de los hermosillenses y for\u00e1neos, quienes ya disfrutan de las \u00e1reas renovadas en la primera etapa como el Foro al Aire Libre.<\/p>\n<p align=\"left\">El gobernador Durazo Monta\u00f1o record\u00f3 que en la primera etapa se invirtieron 200 millones de pesos, y que al finalizar la segunda etapa se tendr\u00e1n 40 hect\u00e1reas de esparcimiento en el Bosque Urbano La Sauceda y 179 hect\u00e1reas del cerro de la Cementera, lo que proyecta una superficie total de 210 hect\u00e1reas al servicio de las y los sonorenses.<\/p>\n<p align=\"left\">Tras la inauguraci\u00f3n de la primera etapa del Bosque Urbano La Sauceda, se han realizado distintas actividades como talleres de cer\u00e1mica, y de promoci\u00f3n de la biodiversidad de Sonora.<\/p>\n<p align=\"left\">Entre las actividades pr\u00f3ximas se encuentra la presentaci\u00f3n de la Banda Sinf\u00f3nica del Estado de Sonora, con un programa de m\u00fasica de pel\u00edculas en el Foro al Aire Libre este domingo 6 de abril, mientras que el domingo 13 de abril se celebrar\u00e1 la primera carrera en conmemoraci\u00f3n del D\u00eda Mundial de la Madre Tierra, que tendr\u00e1 una distancia de cinco kil\u00f3metros al interior del Bosque Urbano La Sauceda.<\/p>\n","protected":false},"excerpt":{"rendered":"<p>Hermosillo, Sonora; 5 de abril de 2025.- El espacio natural que volvi\u00f3 a la vida con el rescate que realiz\u00f3 el gobernador Alfonso Durazo Monta\u00f1o para convertirlo en el Bosque Urbano La Sauceda, se ha consolidado en un punto de atracci\u00f3n tur\u00edstica en Hermosillo, listo para recibir a cientos de visitantes y turistas como uno [&hellip;]<\/p>\n","protected":false},"author":2,"featured_media":214112,"comment_status":"closed","ping_status":"closed","sticky":false,"template":"","format":"standard","meta":{"footnotes":""},"categories":[12870,178],"tags":[12865,12869],"class_list":["post-214111","post","type-post","status-publish","format-standard","has-post-thumbnail","hentry","category-destacadas","category-local","tag-destacadas","tag-local"],"jetpack_featured_media_url":"https:\/\/rnoticias.com.mx\/Portal\/wp-content\/uploads\/2025\/04\/unnamed-28.jpg","amp_enabled":true,"_links":{"self":[{"href":"https:\/\/rnoticias.com.mx\/Portal\/wp-json\/wp\/v2\/posts\/214111","targetHints":{"allow":["GET"]}}],"collection":[{"href":"https:\/\/rnoticias.com.mx\/Portal\/wp-json\/wp\/v2\/posts"}],"about":[{"href":"https:\/\/rnoticias.com.mx\/Portal\/wp-json\/wp\/v2\/types\/post"}],"author":[{"embeddable":true,"href":"https:\/\/rnoticias.com.mx\/Portal\/wp-json\/wp\/v2\/users\/2"}],"replies":[{"embeddable":true,"href":"https:\/\/rnoticias.com.mx\/Portal\/wp-json\/wp\/v2\/comments?post=214111"}],"version-history":[{"count":1,"href":"https:\/\/rnoticias.com.mx\/Portal\/wp-json\/wp\/v2\/posts\/214111\/revisions"}],"predecessor-version":[{"id":214113,"href":"https:\/\/rnoticias.com.mx\/Portal\/wp-json\/wp\/v2\/posts\/214111\/revisions\/214113"}],"wp:featuredmedia":[{"embeddable":true,"href":"https:\/\/rnoticias.com.mx\/Portal\/wp-json\/wp\/v2\/media\/214112"}],"wp:attachment":[{"href":"https:\/\/rnoticias.com.mx\/Portal\/wp-json\/wp\/v2\/media?parent=214111"}],"wp:term":[{"taxonomy":"category","embeddable":true,"href":"https:\/\/rnoticias.com.mx\/Portal\/wp-json\/wp\/v2\/categories?post=214111"},{"taxonomy":"post_tag","embeddable":true,"href":"https:\/\/rnoticias.com.mx\/Portal\/wp-json\/wp\/v2\/tags?post=214111"}],"curies":[{"name":"wp","href":"https:\/\/api.w.org\/{rel}","templated":true}]}}