{"id":214105,"date":"2025-04-05T22:40:36","date_gmt":"2025-04-05T22:40:36","guid":{"rendered":"https:\/\/rnoticias.com.mx\/Portal\/?p=214105"},"modified":"2025-04-05T22:40:36","modified_gmt":"2025-04-05T22:40:36","slug":"alumnado-de-primaria-representara-a-sonora-en-el-torneo-nacional-de-futbol-escolar-froylan-gamez","status":"publish","type":"post","link":"https:\/\/rnoticias.com.mx\/Portal\/2025\/04\/05\/alumnado-de-primaria-representara-a-sonora-en-el-torneo-nacional-de-futbol-escolar-froylan-gamez\/","title":{"rendered":"Alumnado de primaria representar\u00e1 a Sonora en el Torneo Nacional de F\u00fatbol Escolar: Froyl\u00e1n G\u00e1mez"},"content":{"rendered":"<p>Hermosillo, Sonora; 5 de abril de 2025. \u2013 Con la ilusi\u00f3n de formar parte del Torneo Nacional de F\u00fatbol Escolar, que se perfila como el m\u00e1s grande de M\u00e9xico, 16 equipos de f\u00fatbol 5 de primarias de Sonora aspiran a representar al estado en el evento organizado por la Federaci\u00f3n Mexicana de F\u00fatbol (FMF) y la FIFA, anunci\u00f3 Froyl\u00e1n G\u00e1mez Gamboa.<\/p>\n<p>El titular de la Secretar\u00eda de Educaci\u00f3n y Cultura (SEC) detall\u00f3 que, como parte de los Juegos Deportivos Estatales Escolares de la Educaci\u00f3n B\u00e1sica 2024-2025, los ganadores de la etapa final, que inicia el pr\u00f3ximo martes 8 de abril, podr\u00e1n aspirar a la gran final nacional, que se llevar\u00e1 a cabo del 9 al 13 de junio en Toluca, Estado de M\u00e9xico.<\/p>\n<p>G\u00e1mez Gamboa indic\u00f3 que los equipos de f\u00fatbol 5 de nivel primaria que llegan a la etapa estatal han triunfado en las diferentes fases eliminatorias y son provenientes de planteles ubicados en municipios como Navojoa, Cajeme, Guaymas, Hermosillo, San Luis R\u00edo Colorado, Puerto Pe\u00f1asco, Nogales, Cananea, Fronteras, Ures y Sahuaripa.<\/p>\n<p>El Torneo Nacional de F\u00fatbol Escolar, que tambi\u00e9n cuenta con el respaldo de la Secretar\u00eda de Educaci\u00f3n P\u00fablica (SEP), forma parte de la estrategia impulsada por la presidenta Claudia Sheinbaum, con el apoyo del gobernador Alfonso Durazo, para fomentar estilos de vida saludables y alejar al alumnado de las adicciones.<\/p>\n<p>Esta colaboraci\u00f3n entre la FIFA, la SEP y la FMF, en coordinaci\u00f3n con las entidades, es un esfuerzo conjunto para democratizar el acceso al f\u00fatbol y convertirlo en una herramienta educativa que genere un impacto positivo en la sociedad.<\/p>\n<p>Equipos rama varonil:<\/p>\n<p>\u2022 Primaria \u201c23 de Octubre\u201d de Marte R. G\u00f3mez (Cajeme)<\/p>\n<p>\u2022 Primaria \u201cTierra y Libertad\u201d de Ciudad Obreg\u00f3n<\/p>\n<p>\u2022 Primaria \u201cMa. Jes\u00fas Bustillo de Ram\u00edrez\u201d de Guaymas<\/p>\n<p>\u2022 Colegio Larrea de Hermosillo<\/p>\n<p>\u2022 Primaria \u201cVentura G. Tena\u201d de Puerto Pe\u00f1asco<\/p>\n<p>\u2022 Primaria \u201cNueva Creaci\u00f3n\u201d de Nogales<\/p>\n<p>\u2022 Primaria \u201cLuis Donaldo Colosio Murrieta\u201d de Cananea<\/p>\n<p>\u2022 Primaria \u201c21 Agosto de 1944\u201d de San Pedro de Ures<\/p>\n<p>Equipos rama femenil:<\/p>\n<p>\u2022 Primaria \u201cManuel Ferra Mart\u00ednez\u201d de Navojoa<\/p>\n<p>\u2022 Primaria \u201cVicente Guerrero\u201d de Ciudad Obreg\u00f3n<\/p>\n<p>\u2022 Primaria \u201c18 de Marzo\u201d de Guaymas<\/p>\n<p>\u2022 Primaria \u201cRevoluci\u00f3n\u201d de San Pedro El Saucito (Hermosillo)<\/p>\n<p>\u2022 Primaria \u201cHeriberto R. Silva\u201d de Ingeniero Luis B. S\u00e1nchez (SLRC)<\/p>\n<p>\u2022 Primaria \u201cMar\u00eda de los \u00c1ngeles Qui\u00f1ones Alejo\u201d de Agua Zarca (Nogales)<\/p>\n<p>\u2022 Centro Educacional La Caridad Esqueda, A. C. de Fronteras<\/p>\n<p>\u2022 Primaria \u201cEscuadr\u00f3n 201\u201d de Sahuaripa<\/p>\n","protected":false},"excerpt":{"rendered":"<p>Hermosillo, Sonora; 5 de abril de 2025. \u2013 Con la ilusi\u00f3n de formar parte del Torneo Nacional de F\u00fatbol Escolar, que se perfila como el m\u00e1s grande de M\u00e9xico, 16 equipos de f\u00fatbol 5 de primarias de Sonora aspiran a representar al estado en el evento organizado por la Federaci\u00f3n Mexicana de F\u00fatbol (FMF) y [&hellip;]<\/p>\n","protected":false},"author":2,"featured_media":214106,"comment_status":"closed","ping_status":"closed","sticky":false,"template":"","format":"standard","meta":{"footnotes":""},"categories":[188,12870],"tags":[5231,12865],"class_list":["post-214105","post","type-post","status-publish","format-standard","has-post-thumbnail","hentry","category-deportes","category-destacadas","tag-deportes","tag-destacadas"],"jetpack_featured_media_url":"https:\/\/rnoticias.com.mx\/Portal\/wp-content\/uploads\/2025\/04\/unnamed-27.jpg","amp_enabled":true,"_links":{"self":[{"href":"https:\/\/rnoticias.com.mx\/Portal\/wp-json\/wp\/v2\/posts\/214105","targetHints":{"allow":["GET"]}}],"collection":[{"href":"https:\/\/rnoticias.com.mx\/Portal\/wp-json\/wp\/v2\/posts"}],"about":[{"href":"https:\/\/rnoticias.com.mx\/Portal\/wp-json\/wp\/v2\/types\/post"}],"author":[{"embeddable":true,"href":"https:\/\/rnoticias.com.mx\/Portal\/wp-json\/wp\/v2\/users\/2"}],"replies":[{"embeddable":true,"href":"https:\/\/rnoticias.com.mx\/Portal\/wp-json\/wp\/v2\/comments?post=214105"}],"version-history":[{"count":1,"href":"https:\/\/rnoticias.com.mx\/Portal\/wp-json\/wp\/v2\/posts\/214105\/revisions"}],"predecessor-version":[{"id":214107,"href":"https:\/\/rnoticias.com.mx\/Portal\/wp-json\/wp\/v2\/posts\/214105\/revisions\/214107"}],"wp:featuredmedia":[{"embeddable":true,"href":"https:\/\/rnoticias.com.mx\/Portal\/wp-json\/wp\/v2\/media\/214106"}],"wp:attachment":[{"href":"https:\/\/rnoticias.com.mx\/Portal\/wp-json\/wp\/v2\/media?parent=214105"}],"wp:term":[{"taxonomy":"category","embeddable":true,"href":"https:\/\/rnoticias.com.mx\/Portal\/wp-json\/wp\/v2\/categories?post=214105"},{"taxonomy":"post_tag","embeddable":true,"href":"https:\/\/rnoticias.com.mx\/Portal\/wp-json\/wp\/v2\/tags?post=214105"}],"curies":[{"name":"wp","href":"https:\/\/api.w.org\/{rel}","templated":true}]}}