{"id":214102,"date":"2025-04-05T22:04:32","date_gmt":"2025-04-05T22:04:32","guid":{"rendered":"https:\/\/rnoticias.com.mx\/Portal\/?p=214102"},"modified":"2025-04-05T22:04:32","modified_gmt":"2025-04-05T22:04:32","slug":"instala-gobierno-de-sonora-consejo-estatal-para-el-desarrollo-sustentable","status":"publish","type":"post","link":"https:\/\/rnoticias.com.mx\/Portal\/2025\/04\/05\/instala-gobierno-de-sonora-consejo-estatal-para-el-desarrollo-sustentable\/","title":{"rendered":"Instala Gobierno de Sonora Consejo Estatal para el Desarrollo Sustentable"},"content":{"rendered":"<p>Hermosillo, Sonora; 5 de abril de 2025.- Con el objetivo de impulsar pol\u00edticas p\u00fablicas y estrategias que promuevan el desarrollo sustentable en la entidad, el Gobierno de Sonora llev\u00f3 a cabo la instalaci\u00f3n del Consejo Estatal para el Desarrollo Sustentable del Estado de Sonora.<\/p>\n<p>Este organismo estar\u00e1 integrado por representantes del Gobierno del Estado, municipios, acad\u00e9micos, y los sectores social y privado, quienes trabajar\u00e1n de manera coordinada para dar seguimiento a la Agenda 2030 en Sonora, priorizando el bienestar social, la equidad y la justicia regional.<\/p>\n<p>El Consejo tiene como misi\u00f3n proteger el medio ambiente, fomentar el aprovechamiento responsable de los recursos naturales y fortalecer las capacidades locales a trav\u00e9s de acciones conjuntas que generen un impacto positivo en la calidad de vida de las y los sonorenses.<\/p>\n<p>Con esta iniciativa, Sonora reafirma su compromiso con un modelo de desarrollo que garantice bienestar para las generaciones presentes y futuras, activando el potencial social, econ\u00f3mico y ambiental del estado.<\/p>\n<p>La instalaci\u00f3n del Consejo representa un paso decisivo hacia un Sonora m\u00e1s verde, justo y sustentable.<\/p>\n","protected":false},"excerpt":{"rendered":"<p>Hermosillo, Sonora; 5 de abril de 2025.- Con el objetivo de impulsar pol\u00edticas p\u00fablicas y estrategias que promuevan el desarrollo sustentable en la entidad, el Gobierno de Sonora llev\u00f3 a cabo la instalaci\u00f3n del Consejo Estatal para el Desarrollo Sustentable del Estado de Sonora. Este organismo estar\u00e1 integrado por representantes del Gobierno del Estado, municipios, [&hellip;]<\/p>\n","protected":false},"author":2,"featured_media":214103,"comment_status":"closed","ping_status":"closed","sticky":false,"template":"","format":"standard","meta":{"footnotes":""},"categories":[12870,178],"tags":[12865,12869],"class_list":["post-214102","post","type-post","status-publish","format-standard","has-post-thumbnail","hentry","category-destacadas","category-local","tag-destacadas","tag-local"],"jetpack_featured_media_url":"https:\/\/rnoticias.com.mx\/Portal\/wp-content\/uploads\/2025\/04\/unnamed-1-10.jpg","amp_enabled":true,"_links":{"self":[{"href":"https:\/\/rnoticias.com.mx\/Portal\/wp-json\/wp\/v2\/posts\/214102","targetHints":{"allow":["GET"]}}],"collection":[{"href":"https:\/\/rnoticias.com.mx\/Portal\/wp-json\/wp\/v2\/posts"}],"about":[{"href":"https:\/\/rnoticias.com.mx\/Portal\/wp-json\/wp\/v2\/types\/post"}],"author":[{"embeddable":true,"href":"https:\/\/rnoticias.com.mx\/Portal\/wp-json\/wp\/v2\/users\/2"}],"replies":[{"embeddable":true,"href":"https:\/\/rnoticias.com.mx\/Portal\/wp-json\/wp\/v2\/comments?post=214102"}],"version-history":[{"count":1,"href":"https:\/\/rnoticias.com.mx\/Portal\/wp-json\/wp\/v2\/posts\/214102\/revisions"}],"predecessor-version":[{"id":214104,"href":"https:\/\/rnoticias.com.mx\/Portal\/wp-json\/wp\/v2\/posts\/214102\/revisions\/214104"}],"wp:featuredmedia":[{"embeddable":true,"href":"https:\/\/rnoticias.com.mx\/Portal\/wp-json\/wp\/v2\/media\/214103"}],"wp:attachment":[{"href":"https:\/\/rnoticias.com.mx\/Portal\/wp-json\/wp\/v2\/media?parent=214102"}],"wp:term":[{"taxonomy":"category","embeddable":true,"href":"https:\/\/rnoticias.com.mx\/Portal\/wp-json\/wp\/v2\/categories?post=214102"},{"taxonomy":"post_tag","embeddable":true,"href":"https:\/\/rnoticias.com.mx\/Portal\/wp-json\/wp\/v2\/tags?post=214102"}],"curies":[{"name":"wp","href":"https:\/\/api.w.org\/{rel}","templated":true}]}}