{"id":214096,"date":"2025-04-05T21:36:43","date_gmt":"2025-04-05T21:36:43","guid":{"rendered":"https:\/\/rnoticias.com.mx\/Portal\/?p=214096"},"modified":"2025-04-05T21:36:43","modified_gmt":"2025-04-05T21:36:43","slug":"detiene-gobierno-de-sonora-a-cuatro-hombres-en-operativo-de-la-policia-estatal-en-bacum","status":"publish","type":"post","link":"https:\/\/rnoticias.com.mx\/Portal\/2025\/04\/05\/detiene-gobierno-de-sonora-a-cuatro-hombres-en-operativo-de-la-policia-estatal-en-bacum\/","title":{"rendered":"Detiene Gobierno de Sonora a cuatro hombres en operativo de la Polic\u00eda Estatal en B\u00e1cum"},"content":{"rendered":"<p>B\u00e1cum, Sonora; 05 de abril de 2025.- Cuatro personas fueron detenidas durante operativos de grupos especializados de la Secretar\u00eda de Seguridad P\u00fablica (SSP), quienes dieron seguimiento a reportes ciudadanos en B\u00e1cum.<\/p>\n<p>La intervenci\u00f3n oportuna de oficiales de la Polic\u00eda Estatal de Seguridad P\u00fablica (PESP) en la colonia El Castillo result\u00f3 en la detenci\u00f3n de Ismael \u201cN\u201d, Eduardo \u201cN\u201d, Juan \u201cN\u201d y Junior \u201cN\u201d, de 51, 43, 22 y 29 a\u00f1os de edad, respectivamente, a quienes se les aseguraron cuatro armas largas tipo fusil, alrededor de 265 cartuchos y diez cargadores.<\/p>\n<p>Debido a la posesi\u00f3n de las armas, los detenidos fueron informados de sus derechos y quedaron a disposici\u00f3n del Ministerio P\u00fablico para los tr\u00e1mites legales correspondientes.<\/p>\n<p>Cabe mencionar que los detenidos se presumen inocentes hasta que se declare su responsabilidad mediante sentencia emitida por el \u00f3rgano jurisdiccional (Art. 13 del\u00a0CNPP).<\/p>\n<p>El Gobierno de Sonora contin\u00faa trabajando de manera constante en el fortalecimiento de la seguridad en todas las regiones del estado, colaborando con las autoridades locales para garantizar el bienestar de la ciudadan\u00eda.<\/p>\n","protected":false},"excerpt":{"rendered":"<p>B\u00e1cum, Sonora; 05 de abril de 2025.- Cuatro personas fueron detenidas durante operativos de grupos especializados de la Secretar\u00eda de Seguridad P\u00fablica (SSP), quienes dieron seguimiento a reportes ciudadanos en B\u00e1cum. La intervenci\u00f3n oportuna de oficiales de la Polic\u00eda Estatal de Seguridad P\u00fablica (PESP) en la colonia El Castillo result\u00f3 en la detenci\u00f3n de Ismael [&hellip;]<\/p>\n","protected":false},"author":2,"featured_media":214097,"comment_status":"closed","ping_status":"closed","sticky":false,"template":"","format":"standard","meta":{"footnotes":""},"categories":[12870,174],"tags":[12865,12873],"class_list":["post-214096","post","type-post","status-publish","format-standard","has-post-thumbnail","hentry","category-destacadas","category-estatal","tag-destacadas","tag-estatal"],"jetpack_featured_media_url":"https:\/\/rnoticias.com.mx\/Portal\/wp-content\/uploads\/2025\/04\/unnamed-1-9.jpg","amp_enabled":true,"_links":{"self":[{"href":"https:\/\/rnoticias.com.mx\/Portal\/wp-json\/wp\/v2\/posts\/214096","targetHints":{"allow":["GET"]}}],"collection":[{"href":"https:\/\/rnoticias.com.mx\/Portal\/wp-json\/wp\/v2\/posts"}],"about":[{"href":"https:\/\/rnoticias.com.mx\/Portal\/wp-json\/wp\/v2\/types\/post"}],"author":[{"embeddable":true,"href":"https:\/\/rnoticias.com.mx\/Portal\/wp-json\/wp\/v2\/users\/2"}],"replies":[{"embeddable":true,"href":"https:\/\/rnoticias.com.mx\/Portal\/wp-json\/wp\/v2\/comments?post=214096"}],"version-history":[{"count":1,"href":"https:\/\/rnoticias.com.mx\/Portal\/wp-json\/wp\/v2\/posts\/214096\/revisions"}],"predecessor-version":[{"id":214098,"href":"https:\/\/rnoticias.com.mx\/Portal\/wp-json\/wp\/v2\/posts\/214096\/revisions\/214098"}],"wp:featuredmedia":[{"embeddable":true,"href":"https:\/\/rnoticias.com.mx\/Portal\/wp-json\/wp\/v2\/media\/214097"}],"wp:attachment":[{"href":"https:\/\/rnoticias.com.mx\/Portal\/wp-json\/wp\/v2\/media?parent=214096"}],"wp:term":[{"taxonomy":"category","embeddable":true,"href":"https:\/\/rnoticias.com.mx\/Portal\/wp-json\/wp\/v2\/categories?post=214096"},{"taxonomy":"post_tag","embeddable":true,"href":"https:\/\/rnoticias.com.mx\/Portal\/wp-json\/wp\/v2\/tags?post=214096"}],"curies":[{"name":"wp","href":"https:\/\/api.w.org\/{rel}","templated":true}]}}