{"id":214087,"date":"2025-04-05T21:32:54","date_gmt":"2025-04-05T21:32:54","guid":{"rendered":"https:\/\/rnoticias.com.mx\/Portal\/?p=214087"},"modified":"2025-04-05T21:32:54","modified_gmt":"2025-04-05T21:32:54","slug":"arranca-gobierno-de-sonora-con-estrategia-nacional-contra-el-dengue-en-el-estado","status":"publish","type":"post","link":"https:\/\/rnoticias.com.mx\/Portal\/2025\/04\/05\/arranca-gobierno-de-sonora-con-estrategia-nacional-contra-el-dengue-en-el-estado\/","title":{"rendered":"Arranca Gobierno de Sonora con Estrategia Nacional contra el Dengue en el estado"},"content":{"rendered":"<p align=\"justify\">Guaymas, Sonora; 5 de abril de 2025.\u2013 Con el firme prop\u00f3sito de prevenir enfermedades transmitidas por vectores, la Secretar\u00eda de Salud de Sonora (SSP) dio inicio a la \u201cEstrategia Nacional contra el Dengue y otras Arbovirosis\u201d, una campa\u00f1a integral que contempla la participaci\u00f3n activa de la sociedad civil, municipios y autoridades sanitarias.<\/p>\n<p align=\"justify\">Durante el arranque oficial, realizado en la Escuela Secundaria T\u00e9cnica 59 en Guaymas, el secretario de Salud, Jos\u00e9 Luis Alom\u00eda Zegarra, destac\u00f3 que el trabajo conjunto y coordinado entre todos los sectores es fundamental para reducir la presencia del mosquito transmisor del dengue, zika y chikungunya, especialmente de cara a la pr\u00f3xima temporada de lluvias.<\/p>\n<p align=\"justify\">\u201cQueremos que todos esos recursos se enfoquen en las diferentes colonias y municipios del estado para realmente generar un cambio y una mejora que nos permita prevenir la enfermedad\u201d, expres\u00f3 Alom\u00eda Zegarra.<\/p>\n<p align=\"justify\">El titular de Salud subray\u00f3 que el objetivo es anticiparse a la temporada de lluvias, coordinando acciones con los gobiernos municipales a trav\u00e9s de jornadas de limpieza y saneamiento b\u00e1sico en viviendas, escuelas, espacios p\u00fablicos, entornos laborales y zonas de convivencia social. Estas acciones permitir\u00e1n eliminar criaderos de mosquitos, reduciendo as\u00ed el riesgo de transmisi\u00f3n.<\/p>\n<p align=\"justify\">Asimismo, la estrategia contempla actividades preventivas en todo el estado, incluso en las comunidades m\u00e1s alejadas y de dif\u00edcil acceso, con visitas casa por casa, talleres, acciones de control f\u00edsico y qu\u00edmico, y sensibilizaci\u00f3n de la poblaci\u00f3n sobre la importancia de medidas sencillas pero efectivas, como lavar, tapar, voltear y tirar dep\u00f3sitos con agua o que puedan acumularla.<\/p>\n<p align=\"justify\">Adem\u00e1s, las brigadas realizar\u00e1n labores de nebulizaci\u00f3n de insecticidas a nivel comunitario, control f\u00edsico de criaderos y aplicaci\u00f3n de larvicidas dentro de los domicilios.<\/p>\n<p align=\"justify\">Finalmente, Alom\u00eda Zegarra reiter\u00f3 el llamado a la ciudadan\u00eda para sumarse a esta estrategia desde sus hogares, recordando que mantener los entornos limpios y libres de criaderos es una responsabilidad compartida.<\/p>\n","protected":false},"excerpt":{"rendered":"<p>Guaymas, Sonora; 5 de abril de 2025.\u2013 Con el firme prop\u00f3sito de prevenir enfermedades transmitidas por vectores, la Secretar\u00eda de Salud de Sonora (SSP) dio inicio a la \u201cEstrategia Nacional contra el Dengue y otras Arbovirosis\u201d, una campa\u00f1a integral que contempla la participaci\u00f3n activa de la sociedad civil, municipios y autoridades sanitarias. Durante el arranque [&hellip;]<\/p>\n","protected":false},"author":2,"featured_media":214088,"comment_status":"closed","ping_status":"closed","sticky":false,"template":"","format":"standard","meta":{"footnotes":""},"categories":[12870,174],"tags":[12865,12873],"class_list":["post-214087","post","type-post","status-publish","format-standard","has-post-thumbnail","hentry","category-destacadas","category-estatal","tag-destacadas","tag-estatal"],"jetpack_featured_media_url":"https:\/\/rnoticias.com.mx\/Portal\/wp-content\/uploads\/2025\/04\/unnamed-25.jpg","amp_enabled":true,"_links":{"self":[{"href":"https:\/\/rnoticias.com.mx\/Portal\/wp-json\/wp\/v2\/posts\/214087","targetHints":{"allow":["GET"]}}],"collection":[{"href":"https:\/\/rnoticias.com.mx\/Portal\/wp-json\/wp\/v2\/posts"}],"about":[{"href":"https:\/\/rnoticias.com.mx\/Portal\/wp-json\/wp\/v2\/types\/post"}],"author":[{"embeddable":true,"href":"https:\/\/rnoticias.com.mx\/Portal\/wp-json\/wp\/v2\/users\/2"}],"replies":[{"embeddable":true,"href":"https:\/\/rnoticias.com.mx\/Portal\/wp-json\/wp\/v2\/comments?post=214087"}],"version-history":[{"count":1,"href":"https:\/\/rnoticias.com.mx\/Portal\/wp-json\/wp\/v2\/posts\/214087\/revisions"}],"predecessor-version":[{"id":214089,"href":"https:\/\/rnoticias.com.mx\/Portal\/wp-json\/wp\/v2\/posts\/214087\/revisions\/214089"}],"wp:featuredmedia":[{"embeddable":true,"href":"https:\/\/rnoticias.com.mx\/Portal\/wp-json\/wp\/v2\/media\/214088"}],"wp:attachment":[{"href":"https:\/\/rnoticias.com.mx\/Portal\/wp-json\/wp\/v2\/media?parent=214087"}],"wp:term":[{"taxonomy":"category","embeddable":true,"href":"https:\/\/rnoticias.com.mx\/Portal\/wp-json\/wp\/v2\/categories?post=214087"},{"taxonomy":"post_tag","embeddable":true,"href":"https:\/\/rnoticias.com.mx\/Portal\/wp-json\/wp\/v2\/tags?post=214087"}],"curies":[{"name":"wp","href":"https:\/\/api.w.org\/{rel}","templated":true}]}}